{"id":539,"date":"2015-03-26T17:58:47","date_gmt":"2015-03-26T16:58:47","guid":{"rendered":"http:\/\/rassembler-avenir-stfp.fr\/?p=539"},"modified":"2015-03-27T15:46:29","modified_gmt":"2015-03-27T14:46:29","slug":"1-an-apres-le-bilan-de-jerome-guyard-episode-3","status":"publish","type":"post","link":"http:\/\/rassembler-avenir-stfp.fr\/index.php\/2015\/03\/26\/1-an-apres-le-bilan-de-jerome-guyard-episode-3\/","title":{"rendered":"1 an apr\u00e8s, le bilan de J\u00e9rome Guyard \u2013 Episode 3"},"content":{"rendered":"<h3 style=\"text-align: center;\"><strong>Depuis 1 an, J\u00e9rome Guyard sur Saint-Fargeau-Ponthierry, c\u2019est :<\/strong><\/h3>\n<p><strong>\u00a0<\/strong><\/p>\n<ul>\n<li>\n<h4><strong>La suppression du service de Transport \u00e0 la Demande (\u00ab\u00a0Proxibus\u00a0\u00bb) au 30 juin 2015, p\u00e9nalisant ainsi les s\u00e9niors, les jeunes, et toutes les personnes ayant des difficult\u00e9s pour se d\u00e9placer.<\/strong><\/h4>\n<\/li>\n<\/ul>\n<h4><strong>\u00a0<\/strong><\/h4>\n<ul>\n<li>\n<h4><strong>D\u00e9j\u00e0 300 logements en chantier pour 2015, alors qu\u2019il promettait un \u00ab\u00a0urbanisme maitris\u00e9\u00a0\u00bb\u00a0!<\/strong><\/h4>\n<\/li>\n<\/ul>\n<h4><strong>\u00a0<\/strong><\/h4>\n<ul>\n<li>\n<h4><strong>La r\u00e9duction de l\u2019offre culturelle sur la ville\u00a0:<\/strong><\/h4>\n<ul>\n<li>\n<h4><strong>Suppression des s\u00e9ances de cin\u00e9ma les mardis, mercredis, et jeudis<\/strong><\/h4>\n<\/li>\n<li>\n<h4><strong>Suppression des s\u00e9ances \u00ab\u00a0cin\u00e9ma jeunesse\u00a0\u00bb le mercredi<\/strong><\/h4>\n<\/li>\n<li>\n<h4><strong>Suppression du cin\u00e9-club<\/strong><\/h4>\n<\/li>\n<li>\n<h4><strong>Appauvrissement de la programmation cin\u00e9ma des 26 Couleurs<\/strong><\/h4>\n<\/li>\n<li>\n<h4><strong>R\u00e9duction des jours et heures d\u2019ouverture de la biblioth\u00e8que municipale, \u00e0 cause de la baisse des effectifs<\/strong><\/h4>\n<\/li>\n<\/ul>\n<\/li>\n<li>\n<h4><strong>L\u2019augmentation des tarifs des spectacles des 26 Couleurs\u00a0: +39% pour une famille de 2 adultes et 2 enfants\u00a0!<\/strong><\/h4>\n<\/li>\n<\/ul>\n<h4><strong>\u00a0<\/strong><\/h4>\n<ul>\n<li>\n<h4><strong>Un tarif dissuasif de la location de la salle des 26 Couleurs\u00a0: 4000 \u20ac demand\u00e9s au Secours Populaire\u00a0! Combien pour le MEDEF\u00a0?<\/strong><\/h4>\n<\/li>\n<\/ul>\n<p><strong>\u00a0<\/strong><\/p>\n<h3 style=\"text-align: center;\"><strong>Voulez-vous vraiment la m\u00eame chose sur le canton ?<\/strong><\/h3>\n<p><a href=\"http:\/\/rassembler-avenir-stfp.fr\/wp-content\/uploads\/2015\/03\/triste-bilan.jpg\"><img loading=\"lazy\" decoding=\"async\" class=\"aligncenter wp-image-510 size-medium\" src=\"http:\/\/rassembler-avenir-stfp.fr\/wp-content\/uploads\/2015\/03\/triste-bilan-300x300.jpg\" alt=\"triste bilan\" width=\"300\" height=\"300\" srcset=\"http:\/\/rassembler-avenir-stfp.fr\/wp-content\/uploads\/2015\/03\/triste-bilan-300x300.jpg 300w, http:\/\/rassembler-avenir-stfp.fr\/wp-content\/uploads\/2015\/03\/triste-bilan-150x150.jpg 150w, http:\/\/rassembler-avenir-stfp.fr\/wp-content\/uploads\/2015\/03\/triste-bilan-45x45.jpg 45w, http:\/\/rassembler-avenir-stfp.fr\/wp-content\/uploads\/2015\/03\/triste-bilan.jpg 626w\" sizes=\"auto, (max-width: 300px) 100vw, 300px\" \/><\/a><\/p>\n","protected":false},"excerpt":{"rendered":"<p>Depuis 1 an, J\u00e9rome Guyard sur Saint-Fargeau-Ponthierry, c\u2019est : \u00a0 La suppression du service de Transport \u00e0 la Demande (\u00ab\u00a0Proxibus\u00a0\u00bb) au 30 juin 2015, p\u00e9nalisant ainsi les s\u00e9niors, les jeunes, et toutes les personnes ayant des difficult\u00e9s pour se d\u00e9placer. \u00a0 D\u00e9j\u00e0 300 logements en chantier pour 2015, alors qu\u2019il promettait un \u00ab\u00a0urbanisme maitris\u00e9\u00a0\u00bb\u00a0! \u00a0 La r\u00e9duction de l\u2019offre culturelle<\/p>\n","protected":false},"author":14,"featured_media":508,"comment_status":"open","ping_status":"open","sticky":false,"template":"","format":"standard","meta":{"_monsterinsights_skip_tracking":false,"_monsterinsights_sitenote_active":false,"_monsterinsights_sitenote_note":"","_monsterinsights_sitenote_category":0,"footnotes":""},"categories":[3],"tags":[110,94,182,109],"class_list":["post-539","post","type-post","status-publish","format-standard","has-post-thumbnail","hentry","category-actualites-debats","tag-bilan","tag-conseil-departemental","tag-elections","tag-jerome-guyard"],"aioseo_notices":[],"_links":{"self":[{"href":"http:\/\/rassembler-avenir-stfp.fr\/index.php\/wp-json\/wp\/v2\/posts\/539","targetHints":{"allow":["GET"]}}],"collection":[{"href":"http:\/\/rassembler-avenir-stfp.fr\/index.php\/wp-json\/wp\/v2\/posts"}],"about":[{"href":"http:\/\/rassembler-avenir-stfp.fr\/index.php\/wp-json\/wp\/v2\/types\/post"}],"author":[{"embeddable":true,"href":"http:\/\/rassembler-avenir-stfp.fr\/index.php\/wp-json\/wp\/v2\/users\/14"}],"replies":[{"embeddable":true,"href":"http:\/\/rassembler-avenir-stfp.fr\/index.php\/wp-json\/wp\/v2\/comments?post=539"}],"version-history":[{"count":2,"href":"http:\/\/rassembler-avenir-stfp.fr\/index.php\/wp-json\/wp\/v2\/posts\/539\/revisions"}],"predecessor-version":[{"id":542,"href":"http:\/\/rassembler-avenir-stfp.fr\/index.php\/wp-json\/wp\/v2\/posts\/539\/revisions\/542"}],"wp:featuredmedia":[{"embeddable":true,"href":"http:\/\/rassembler-avenir-stfp.fr\/index.php\/wp-json\/wp\/v2\/media\/508"}],"wp:attachment":[{"href":"http:\/\/rassembler-avenir-stfp.fr\/index.php\/wp-json\/wp\/v2\/media?parent=539"}],"wp:term":[{"taxonomy":"category","embeddable":true,"href":"http:\/\/rassembler-avenir-stfp.fr\/index.php\/wp-json\/wp\/v2\/categories?post=539"},{"taxonomy":"post_tag","embeddable":true,"href":"http:\/\/rassembler-avenir-stfp.fr\/index.php\/wp-json\/wp\/v2\/tags?post=539"}],"curies":[{"name":"wp","href":"https:\/\/api.w.org\/{rel}","templated":true}]}}