{"id":515,"date":"2015-03-25T17:00:01","date_gmt":"2015-03-25T16:00:01","guid":{"rendered":"http:\/\/rassembler-avenir-stfp.fr\/?p=515"},"modified":"2015-03-27T15:46:11","modified_gmt":"2015-03-27T14:46:11","slug":"1-an-apres-le-bilan-de-jerome-guyard-episode-2","status":"publish","type":"post","link":"http:\/\/rassembler-avenir-stfp.fr\/index.php\/2015\/03\/25\/1-an-apres-le-bilan-de-jerome-guyard-episode-2\/","title":{"rendered":"1 an apr\u00e8s, le bilan de J\u00e9rome Guyard \u2013 Episode 2"},"content":{"rendered":"<h3 style=\"text-align: center;\"><strong>Depuis 1 an, J\u00e9rome Guyard sur Saint-Fargeau-Ponthierry, c\u2019est\u00a0:<\/strong><\/h3>\n<ul>\n<li>\n<h4><strong>L\u2019ill\u00e9galit\u00e9 des d\u00e9lib\u00e9rations du Conseil Municipal point\u00e9e par le Pr\u00e9fet\u00a0:<\/strong><\/h4>\n<ul>\n<li>\n<h4><strong>Indemnit\u00e9s des \u00e9lus (30 juin 2014)<\/strong><\/h4>\n<\/li>\n<li>\n<h4><strong>R\u00e8glement Int\u00e9rieur du Conseil Municipal abrog\u00e9 pour entrave \u00e0 l\u2019expression de l\u2019opposition (15 d\u00e9cembre 2014)<\/strong><\/h4>\n<\/li>\n<\/ul>\n<\/li>\n<\/ul>\n<h4><strong>Par ailleurs, la Commission d\u2019Acc\u00e8s aux Documents Administratifs (CADA) oblige le maire \u00e0 fournir des justificatifs sur la proc\u00e9dure d\u2019audit financier de la ville (5 mars 2015)<\/strong><\/h4>\n<ul>\n<li>\n<h4><strong>La suppression du Festival \u00ab\u00a0Une Commune, un Art\u00a0\u00bb, regroupant 150 artistes r\u00e9gionaux, apr\u00e8s 17 ans d\u2019existence.<\/strong><\/h4>\n<\/li>\n<\/ul>\n<ul>\n<li>\n<h4><strong>L\u2019entrave \u00e0 l\u2019installation d\u2019un commerce de proximit\u00e9 (boulangerie-traiteur sur le hameau de Moulignon) au profit de la boulangerie industrielle \u00ab\u00a0Marie Blach\u00e8re\u00a0\u00bb<\/strong><\/h4>\n<\/li>\n<\/ul>\n<ul>\n<li>\n<h4><strong>La restriction du droit d\u2019expression des habitants lors des Conseils de Hameaux. <\/strong><strong>Les questions ne sont pas autoris\u00e9es si le sujet est ext\u00e9rieur au hameau. <\/strong><\/h4>\n<\/li>\n<\/ul>\n<p>&nbsp;<\/p>\n<h3 style=\"text-align: center;\">\u00a0<strong>Voulez-vous vraiment la m\u00eame chose sur le canton\u00a0?<\/strong><\/h3>\n<p><a href=\"http:\/\/rassembler-avenir-stfp.fr\/wp-content\/uploads\/2015\/03\/triste-bilan.jpg\"><img loading=\"lazy\" decoding=\"async\" class=\"aligncenter wp-image-510 size-medium\" src=\"http:\/\/rassembler-avenir-stfp.fr\/wp-content\/uploads\/2015\/03\/triste-bilan-300x300.jpg\" alt=\"triste bilan\" width=\"300\" height=\"300\" srcset=\"http:\/\/rassembler-avenir-stfp.fr\/wp-content\/uploads\/2015\/03\/triste-bilan-300x300.jpg 300w, http:\/\/rassembler-avenir-stfp.fr\/wp-content\/uploads\/2015\/03\/triste-bilan-150x150.jpg 150w, http:\/\/rassembler-avenir-stfp.fr\/wp-content\/uploads\/2015\/03\/triste-bilan-45x45.jpg 45w, http:\/\/rassembler-avenir-stfp.fr\/wp-content\/uploads\/2015\/03\/triste-bilan.jpg 626w\" sizes=\"auto, (max-width: 300px) 100vw, 300px\" \/><\/a><\/p>\n<p>&nbsp;<\/p>\n<p><strong>\u00a0<\/strong><\/p>\n","protected":false},"excerpt":{"rendered":"<p>Depuis 1 an, J\u00e9rome Guyard sur Saint-Fargeau-Ponthierry, c\u2019est\u00a0: L\u2019ill\u00e9galit\u00e9 des d\u00e9lib\u00e9rations du Conseil Municipal point\u00e9e par le Pr\u00e9fet\u00a0: Indemnit\u00e9s des \u00e9lus (30 juin 2014) R\u00e8glement Int\u00e9rieur du Conseil Municipal abrog\u00e9 pour entrave \u00e0 l\u2019expression de l\u2019opposition (15 d\u00e9cembre 2014) Par ailleurs, la Commission d\u2019Acc\u00e8s aux Documents Administratifs (CADA) oblige le maire \u00e0 fournir des justificatifs sur la proc\u00e9dure d\u2019audit financier<\/p>\n","protected":false},"author":14,"featured_media":508,"comment_status":"open","ping_status":"open","sticky":false,"template":"","format":"standard","meta":{"_monsterinsights_skip_tracking":false,"_monsterinsights_sitenote_active":false,"_monsterinsights_sitenote_note":"","_monsterinsights_sitenote_category":0,"footnotes":""},"categories":[3],"tags":[110,94,182,109],"class_list":["post-515","post","type-post","status-publish","format-standard","has-post-thumbnail","hentry","category-actualites-debats","tag-bilan","tag-conseil-departemental","tag-elections","tag-jerome-guyard"],"aioseo_notices":[],"_links":{"self":[{"href":"http:\/\/rassembler-avenir-stfp.fr\/index.php\/wp-json\/wp\/v2\/posts\/515","targetHints":{"allow":["GET"]}}],"collection":[{"href":"http:\/\/rassembler-avenir-stfp.fr\/index.php\/wp-json\/wp\/v2\/posts"}],"about":[{"href":"http:\/\/rassembler-avenir-stfp.fr\/index.php\/wp-json\/wp\/v2\/types\/post"}],"author":[{"embeddable":true,"href":"http:\/\/rassembler-avenir-stfp.fr\/index.php\/wp-json\/wp\/v2\/users\/14"}],"replies":[{"embeddable":true,"href":"http:\/\/rassembler-avenir-stfp.fr\/index.php\/wp-json\/wp\/v2\/comments?post=515"}],"version-history":[{"count":2,"href":"http:\/\/rassembler-avenir-stfp.fr\/index.php\/wp-json\/wp\/v2\/posts\/515\/revisions"}],"predecessor-version":[{"id":517,"href":"http:\/\/rassembler-avenir-stfp.fr\/index.php\/wp-json\/wp\/v2\/posts\/515\/revisions\/517"}],"wp:featuredmedia":[{"embeddable":true,"href":"http:\/\/rassembler-avenir-stfp.fr\/index.php\/wp-json\/wp\/v2\/media\/508"}],"wp:attachment":[{"href":"http:\/\/rassembler-avenir-stfp.fr\/index.php\/wp-json\/wp\/v2\/media?parent=515"}],"wp:term":[{"taxonomy":"category","embeddable":true,"href":"http:\/\/rassembler-avenir-stfp.fr\/index.php\/wp-json\/wp\/v2\/categories?post=515"},{"taxonomy":"post_tag","embeddable":true,"href":"http:\/\/rassembler-avenir-stfp.fr\/index.php\/wp-json\/wp\/v2\/tags?post=515"}],"curies":[{"name":"wp","href":"https:\/\/api.w.org\/{rel}","templated":true}]}}