{"id":49,"date":"2014-04-17T11:19:50","date_gmt":"2014-04-17T09:19:50","guid":{"rendered":"http:\/\/localhost\/politique\/?p=49"},"modified":"2015-05-07T22:53:36","modified_gmt":"2015-05-07T20:53:36","slug":"unereussitepourtous","status":"publish","type":"post","link":"http:\/\/rassembler-avenir-stfp.fr\/index.php\/2014\/04\/17\/unereussitepourtous\/","title":{"rendered":"1\u00e8re AG : une r\u00e9ussite pour tous !"},"content":{"rendered":"<p><script>\/\/ <![CDATA[\n(function(i,s,o,g,r,a,m){i['GoogleAnalyticsObject']=r;i[r]=i[r]||function(){\n  (i[r].q=i[r].q||[]).push(arguments)},i[r].l=1*new Date();a=s.createElement(o),\n  m=s.getElementsByTagName(o)[0];a.async=1;a.src=g;m.parentNode.insertBefore(a,m)\n  })(window,document,'script','\/\/www.google-analytics.com\/analytics.js','ga');\n\n  ga('create', 'UA-51202666-1', 'rassembler-avenir-stfp.fr');\n  ga('send', 'pageview');\n\n\/\/ ]]><\/script><\/p>\n<p style=\"text-align: left;\">Un mois\u00a0apr\u00e8s notre volont\u00e9 de cr\u00e9er une Association, la premi\u00e8re Assembl\u00e9e G\u00e9n\u00e9rale a d\u00e9voil\u00e9, samedi\u00a017 mai, le d\u00e9tail de ses objectifs et de ses actions. \u00ab Ce n&rsquo;est pas une association de revanchards\u00a0(\u2026) mais qui se veut constructive et \u00e0 l&rsquo;\u00e9coute de tous les F\u00e9r\u00e9opontains qui partagent les valeurs qui sont les n\u00f4tres\u00a0\u00bb, a expliqu\u00e9 Lionel Walker &#8211; Vice-pr\u00e9sident du Conseil G\u00e9n\u00e9ral de Seine-et-Marne et ancien t\u00eate de liste des pr\u00e9c\u00e9dentes \u00e9lections municipales.<br \/>\nPropos soutenus par Isabelle Buisson, Pr\u00e9sidente de \u00ab\u00a0Rassembler pour l&rsquo;Avenir\u00a0\u00bb :\u00a0\u00abcette association est pluri politique, elle n&rsquo;est pas la repr\u00e9sentativit\u00e9 d&rsquo;un seul parti (&#8230;) mais ouverte \u00e0 tous, sauf aux extr\u00eames, qui adh\u00e9rent aux valeurs de la d\u00e9mocratie participative, du respect et de l&rsquo;\u00e9coute. Nous serons une veille permanente \u00e0 la gestion de notre ville de Saint-Fargeau-Ponthierry. Notre r\u00f4le sera d&rsquo;informer sur les actions men\u00e9es par les \u00e9lus en place qui pourraient aller \u00e0 l&rsquo;encontre des habitants ; pour ce faire, plusieurs commissions de travail ont \u00e9t\u00e9 d\u00e9finies\u00bb.<\/p>\n<p style=\"text-align: left;\">Nous devons tous \u00eatre Acteurs ! Nous comptons sur vous !<\/p>\n<p style=\"text-align: left;\"><em>Le Bureau.<\/em><\/p>\n","protected":false},"excerpt":{"rendered":"<p>\u00c0 Seine-Ecole Loisirs, la premi\u00e8re Assembl\u00e9e G\u00e9n\u00e9rale de l&rsquo;Association a \u00e9t\u00e9 un vrai succ\u00e8s.<br \/>\nPlus de 105 adh\u00e9rents ! <\/p>\n","protected":false},"author":14,"featured_media":114,"comment_status":"open","ping_status":"open","sticky":false,"template":"","format":"standard","meta":{"_monsterinsights_skip_tracking":false,"_monsterinsights_sitenote_active":false,"_monsterinsights_sitenote_note":"","_monsterinsights_sitenote_category":0,"footnotes":""},"categories":[3],"tags":[],"class_list":["post-49","post","type-post","status-publish","format-standard","has-post-thumbnail","hentry","category-actualites-debats"],"aioseo_notices":[],"_links":{"self":[{"href":"http:\/\/rassembler-avenir-stfp.fr\/index.php\/wp-json\/wp\/v2\/posts\/49","targetHints":{"allow":["GET"]}}],"collection":[{"href":"http:\/\/rassembler-avenir-stfp.fr\/index.php\/wp-json\/wp\/v2\/posts"}],"about":[{"href":"http:\/\/rassembler-avenir-stfp.fr\/index.php\/wp-json\/wp\/v2\/types\/post"}],"author":[{"embeddable":true,"href":"http:\/\/rassembler-avenir-stfp.fr\/index.php\/wp-json\/wp\/v2\/users\/14"}],"replies":[{"embeddable":true,"href":"http:\/\/rassembler-avenir-stfp.fr\/index.php\/wp-json\/wp\/v2\/comments?post=49"}],"version-history":[{"count":8,"href":"http:\/\/rassembler-avenir-stfp.fr\/index.php\/wp-json\/wp\/v2\/posts\/49\/revisions"}],"predecessor-version":[{"id":582,"href":"http:\/\/rassembler-avenir-stfp.fr\/index.php\/wp-json\/wp\/v2\/posts\/49\/revisions\/582"}],"wp:featuredmedia":[{"embeddable":true,"href":"http:\/\/rassembler-avenir-stfp.fr\/index.php\/wp-json\/wp\/v2\/media\/114"}],"wp:attachment":[{"href":"http:\/\/rassembler-avenir-stfp.fr\/index.php\/wp-json\/wp\/v2\/media?parent=49"}],"wp:term":[{"taxonomy":"category","embeddable":true,"href":"http:\/\/rassembler-avenir-stfp.fr\/index.php\/wp-json\/wp\/v2\/categories?post=49"},{"taxonomy":"post_tag","embeddable":true,"href":"http:\/\/rassembler-avenir-stfp.fr\/index.php\/wp-json\/wp\/v2\/tags?post=49"}],"curies":[{"name":"wp","href":"https:\/\/api.w.org\/{rel}","templated":true}]}}