{"id":3401,"date":"2025-01-19T21:08:52","date_gmt":"2025-01-19T20:08:52","guid":{"rendered":"http:\/\/rassembler-avenir-stfp.fr\/?p=3401"},"modified":"2025-01-19T21:08:54","modified_gmt":"2025-01-19T20:08:54","slug":"belle-annee-2025","status":"publish","type":"post","link":"http:\/\/rassembler-avenir-stfp.fr\/index.php\/2025\/01\/19\/belle-annee-2025\/","title":{"rendered":"Belle ann\u00e9e 2025"},"content":{"rendered":"\n<p>C&rsquo;est le v\u0153u que nous formons pour chacun\nd&rsquo;entre nous. V\u0153u chaque ann\u00e9e reformul\u00e9 avec le discret espoir qu&rsquo;il ne soit\npas vain, que les craintes et les incertitudes ne prennent le pas sur les\nespoirs et les bonnes r\u00e9solutions.<\/p>\n\n\n\n<p style=\"text-align:center\"><strong>A ce jeu, l\u00e0, 2024\nn&rsquo;a rien \u00e0 envier aux ann\u00e9es pr\u00e9c\u00e9dentes.<\/strong><\/p>\n\n\n\n<p>La situation g\u00e9opolitique n&rsquo;est gu\u00e8re\nencourageante. Il n&rsquo;y a que peu de r\u00e9gions du monde qui ne soient \u00e9pargn\u00e9es.\nLes populismes se portent bien, Etats-Unis en t\u00eate o\u00f9 le retour de Donald Trump\ns&rsquo;annonce comme encore plus nocif que son premier mandat. Les vieux d\u00e9mons sont\nl\u00e0. Ils menacent toujours et encore l&rsquo;Europe, pr\u00eats \u00e0 s&rsquo;inviter au plus haut\nsommet de l&rsquo;Etat.<\/p>\n\n\n\n<p>En France, 2024 a \u00e9t\u00e9 celle de la progression\ncontinue de l&rsquo;extr\u00eame droite et de l&rsquo;instabilit\u00e9 politique voulue par un\npr\u00e9sident qui ne respecte pas le verdict des urnes, pr\u00e9f\u00e9rant valoriser le RN.<\/p>\n\n\n\n<p>C\u00f4t\u00e9 climat, notre plan\u00e8te continue de\nsurchauffer. Chaque ann\u00e9e d\u00e9tr\u00f4ne la pr\u00e9c\u00e9dente. 2024 est l\u2019ann\u00e9e la plus chaude\njamais enregistr\u00e9e dans le monde, balayant les objectifs de l&rsquo;Accord de Paris.\nLes incendies, temp\u00eates, typhons et cyclones se multiplient. La Californie sous\nles flammes o\u00f9 le d\u00e9sastre provoqu\u00e9 par le cyclone Chido dans l&rsquo;oc\u00e9an Indien et\n\u00e0 Mayotte notamment, sont deux illustrations de l&rsquo;inaction et l&rsquo;impr\u00e9paration\ndes Etats. <\/p>\n\n\n\n<p>L\u2019ultra lib\u00e9ralisme persiste \u00e0 tuer petit \u00e0\npetit les services publics sans lesquels nos pays ne peuvent fonctionner\ncorrectement. <\/p>\n\n\n\n<p>Les fausses informations, rumeurs, invectives\nou diffamations sont aujourd&rsquo;hui monnaies courantes, sur les r\u00e9seaux dits\n\u00ab\u00a0sociaux\u00a0\u00bb principalement. Et la r\u00e9volution de l&rsquo;intelligence\nartificielle, si elle peut avoir son utilit\u00e9, ouvre aussi la voix \u00e0 la\nmultiplication de la d\u00e9sinformation \u00e0 la manipulation des esprits. <\/p>\n\n\n\n<p style=\"text-align:center\"><strong>2024, ann\u00e9e sombre ? Pas\ncompl\u00e8tement.<\/strong><\/p>\n\n\n\n<p>Le Mexique, l&rsquo;Indon\u00e9sie et le Royaume-Uni\nnotamment se sont engag\u00e9s l&rsquo;an pass\u00e9 sur le chemin de la neutralit\u00e9 carbone. En\nAmazonie, la d\u00e9forestation est au plus bas depuis neuf ans. Dans le Golfe de\nGascogne, il y a de moins en moins de dauphins captur\u00e9s. La chasse aux\npolluants \u00e9ternels est amorc\u00e9e dans l&rsquo;Union europ\u00e9enne. L&rsquo;\u00e9tat des nappes\nphr\u00e9atiques fran\u00e7aises est bien meilleur en 2024 qu&rsquo;en 2023. Dans le monde, les\n\u00e9nergies renouvelables progressent et devraient, en 2025, d\u00e9passer le charbon\npour devenir la source principale dans la production d&rsquo;\u00e9lectricit\u00e9, selon\nl&rsquo;Agence internationale de l\u2019\u00e9nergie. En France, l&rsquo;IVG est d\u00e9sormais inscrite\ndans la Constitution. <\/p>\n\n\n\n<p style=\"text-align:center\"><strong>Il y a donc des\nraisons d&rsquo;esp\u00e9rer.<\/strong><\/p>\n\n\n\n<p>S&rsquo;informer, se mobiliser, sensibiliser, c&rsquo;est\nce que chacun d&rsquo;entre nous doit faire, toujours et encore, pour construire un\navenir plus solidaire et fraternel.<\/p>\n\n\n\n<p>En mars 2026, \u00e0 Saint-Fargeau-Ponthierry\ncomme partout ailleurs, auront lieu les \u00e9lections municipales. Il nous faut\ndonc nous mobiliser d\u00e8s \u00e0 pr\u00e9sent pour soutenir toute liste citoyenne d\u00e9fendant\ndes valeurs de progr\u00e8s, d\u2019\u00e9galit\u00e9, de justice sociale, de solidarit\u00e9, de\nrespect de l&rsquo;autre, de pr\u00e9servation de notre environnement. La perspective de\nl&rsquo;arriv\u00e9e de l&rsquo;extr\u00eame droite sur notre ville est une \u00e9ventualit\u00e9 \u00e0 ne pas\nbalayer d&rsquo;un revers de main.<\/p>\n\n\n\n<p>\u0152uvrons contre le repli sur soi. Ne tombons\npas dans cette facilit\u00e9 et parions sur l&rsquo;intelligence de chacun. Favorisons le\nlien social, l&rsquo;\u00e9coute, le dialogue, le d\u00e9bat serein, et une vie d\u00e9mocratique\nv\u00e9ritablement apais\u00e9e et constructive.<\/p>\n\n\n\n<p>Pour faire notre part de ce dialogue, de ce\nd\u00e9bat, nous vous donnons rendez-vous notamment pour la projection du film de\nGilles Perret et Fran\u00e7ois Ruffin \u00ab\u00a0Au boulot\u00a0\u00bb, suivi d\u2019un d\u00e9bat sur le\nth\u00e8me \u00ab\u00a0Sauver les services publics\u00a0\u00bb. Nous vous en reparlerons\nbient\u00f4t.<\/p>\n\n\n\n<p>Continuons \u00e0 cultiver ensemble une ville plus solidaire, plus dynamique, plus durable. Continuons \u00e0 changer la ville et nos vies.<\/p>\n\n\n\n<h3 class=\"wp-block-heading\">Tr\u00e8s belle ann\u00e9e ! <\/h3>\n","protected":false},"excerpt":{"rendered":"<p>C&rsquo;est le v\u0153u que nous formons pour chacun d&rsquo;entre nous. V\u0153u chaque ann\u00e9e reformul\u00e9 avec le discret espoir qu&rsquo;il ne soit pas vain, que les craintes et les incertitudes ne prennent le pas sur les espoirs et les bonnes r\u00e9solutions. A ce jeu, l\u00e0, 2024 n&rsquo;a rien \u00e0 envier aux ann\u00e9es pr\u00e9c\u00e9dentes. La situation g\u00e9opolitique n&rsquo;est gu\u00e8re encourageante. Il n&rsquo;y<\/p>\n","protected":false},"author":14,"featured_media":3402,"comment_status":"open","ping_status":"open","sticky":false,"template":"","format":"standard","meta":{"_monsterinsights_skip_tracking":false,"_monsterinsights_sitenote_active":false,"_monsterinsights_sitenote_note":"","_monsterinsights_sitenote_category":0,"footnotes":""},"categories":[3],"tags":[185,62,16,367],"class_list":["post-3401","post","type-post","status-publish","format-standard","has-post-thumbnail","hentry","category-actualites-debats","tag-actu","tag-bonne-annee","tag-saint-fargeau-ponthierry","tag-voeux"],"aioseo_notices":[],"_links":{"self":[{"href":"http:\/\/rassembler-avenir-stfp.fr\/index.php\/wp-json\/wp\/v2\/posts\/3401","targetHints":{"allow":["GET"]}}],"collection":[{"href":"http:\/\/rassembler-avenir-stfp.fr\/index.php\/wp-json\/wp\/v2\/posts"}],"about":[{"href":"http:\/\/rassembler-avenir-stfp.fr\/index.php\/wp-json\/wp\/v2\/types\/post"}],"author":[{"embeddable":true,"href":"http:\/\/rassembler-avenir-stfp.fr\/index.php\/wp-json\/wp\/v2\/users\/14"}],"replies":[{"embeddable":true,"href":"http:\/\/rassembler-avenir-stfp.fr\/index.php\/wp-json\/wp\/v2\/comments?post=3401"}],"version-history":[{"count":1,"href":"http:\/\/rassembler-avenir-stfp.fr\/index.php\/wp-json\/wp\/v2\/posts\/3401\/revisions"}],"predecessor-version":[{"id":3403,"href":"http:\/\/rassembler-avenir-stfp.fr\/index.php\/wp-json\/wp\/v2\/posts\/3401\/revisions\/3403"}],"wp:featuredmedia":[{"embeddable":true,"href":"http:\/\/rassembler-avenir-stfp.fr\/index.php\/wp-json\/wp\/v2\/media\/3402"}],"wp:attachment":[{"href":"http:\/\/rassembler-avenir-stfp.fr\/index.php\/wp-json\/wp\/v2\/media?parent=3401"}],"wp:term":[{"taxonomy":"category","embeddable":true,"href":"http:\/\/rassembler-avenir-stfp.fr\/index.php\/wp-json\/wp\/v2\/categories?post=3401"},{"taxonomy":"post_tag","embeddable":true,"href":"http:\/\/rassembler-avenir-stfp.fr\/index.php\/wp-json\/wp\/v2\/tags?post=3401"}],"curies":[{"name":"wp","href":"https:\/\/api.w.org\/{rel}","templated":true}]}}