{"id":3311,"date":"2023-11-14T23:02:09","date_gmt":"2023-11-14T22:02:09","guid":{"rendered":"http:\/\/rassembler-avenir-stfp.fr\/?p=3311"},"modified":"2023-11-14T23:13:51","modified_gmt":"2023-11-14T22:13:51","slug":"plan-local-durbanisme-saint-fargeau-ponthierry-ouvre-une-enquete-publique","status":"publish","type":"post","link":"http:\/\/rassembler-avenir-stfp.fr\/index.php\/2023\/11\/14\/plan-local-durbanisme-saint-fargeau-ponthierry-ouvre-une-enquete-publique\/","title":{"rendered":"Plan local d&rsquo;urbanisme : Saint-Fargeau-Ponthierry ouvre une enqu\u00eate publique"},"content":{"rendered":"\n<h2 class=\"wp-block-heading\">Saint-Fargeau-Ponthierry\nlance la r\u00e9vision de son Plan local d&rsquo;urbanisme (PLU) !<\/h2>\n\n\n\n<p>Le PLU d\u00e9finit notamment les\nr\u00e8gles d&rsquo;am\u00e9nagement et le droit des sols, indique les secteurs constructibles,\nou encore les zones qui doivent rester naturelles.<\/p>\n\n\n\n<p>Apr\u00e8s la r\u00e9vision de 2018,\nsous l&rsquo;ancienne mandature, qui a ouvert les vannes \u00e0 une urbanisation non-ma\u00eetris\u00e9e,\nla municipalit\u00e9 actuelle se fixe plusieurs objectifs pour cette nouvelle\nr\u00e9vision, et notamment :<\/p>\n\n\n\n<ul class=\"wp-block-list\"><li>Freiner le rythme\ndes constructions en limitant l\u2019accueil des logements \u00e0 la capacit\u00e9 des\n\u00e9quipements et ainsi mieux ma\u00eetriser le d\u00e9veloppement d\u00e9mographique<\/li><li>Equilibrer les \u00e9quipements structurants sur la ville, pr\u00e9server les entr\u00e9es\nde ville et notamment la plaine de Tilly<\/li><li>Favoriser l\u2019\u00e9conomie de proximit\u00e9<\/li><li>G\u00e9rer les risques d\u2019inondation<\/li><li>D\u00e9velopper les mobilit\u00e9s douces<\/li><li>Prot\u00e9ger les c\u0153urs d\u2019\u00eelots bois\u00e9s ou de jardins.<\/li><\/ul>\n\n\n\n<h3 class=\"wp-block-heading\"><strong>Venez donner votre avis<\/strong><\/h3>\n\n\n\n<p>La commune ouvre donc une enqu\u00eate\npublique sur la r\u00e9vision du PLU. <\/p>\n\n\n\n<p><strong>Elle se tiendra du 16 novembre au 16 d\u00e9cembre 2023, pour une dur\u00e9e de 31 jours.<\/strong> Elle a pour objectifs d&rsquo;informer les F\u00e9r\u00e9opontains et de recueillir leurs avis sur ce projet de r\u00e9vision.<\/p>\n\n\n\n<p>Vous pourrez adresser vos\nobservations \u00e9crites et vos propositions \u00e0 la commissaire enqu\u00eatrice pendant\ntoute la dur\u00e9e de l\u2019enqu\u00eate&nbsp;:<\/p>\n\n\n\n<ul class=\"wp-block-list\"><li>soit en consignant vos observations directement sur le registre d\u2019enqu\u00eate<\/li><li>soit par \u00e9crit avec accus\u00e9 de r\u00e9ception, \u00e0 l\u2019adresse postale de la mairie, 185 avenue de Fontainebleau, 77310 Saint-Fargeau-Ponthierry<\/li><li>soit en les d\u00e9posant contre re\u00e7u en mairie \u00e0 la commissaire enqu\u00eatrice  qui, apr\u00e8s en avoir pris connaissance, les annexera au registre d\u2019enqu\u00eate<\/li><li>soit par courriel, \u00e0 l\u2019adresse suivante\u00a0:\u00a0<a href=\"mailto:amduquenne@saint-fargeau-ponthierry.fr\">amduquenne@saint-fargeau-ponthierry.fr<\/a>      <\/li><\/ul>\n\n\n\n<p>Un registre d\u00e9mat\u00e9rialis\u00e9 sera \u00e9galement mis en ligne\npour recueillir les observations, propositions et contre-propositions.<\/p>\n\n\n\n<h3 class=\"wp-block-heading\">Des permanences en mairie<\/h3>\n\n\n\n<p>La commissaire-enqu\u00eatrice recevra le\npublic \u00e0&nbsp;la mairie de Saint-Fargeau-Ponthierry, 185 avenue de\nFontainebleau, afin de recueillir les observations et propositions \u00e9crites et\norales lors des permanences qui seront tenues \u00e0 ces dates.<\/p>\n\n\n\n<ul class=\"wp-block-list\"><li>Le jeudi 16 novembre 2023 de 9h \u00e0 12h<\/li><li>Le samedi 25 novembre 2023 de 9h \u00e0 12h<\/li><li>Le lundi 4 d\u00e9cembre 2023 de 14h \u00e0 17h<\/li><li>Le vendredi 15 d\u00e9cembre 2023 de 14h \u00e0 17h<\/li><\/ul>\n\n\n\n<p>A l&rsquo;issue de l&rsquo;enqu\u00eate, les conclusions du commissaire enqu\u00eateur seront tenues\n\u00e0 la disposition du public au service urbanisme de la ville&nbsp;pendant une\ndur\u00e9e d&rsquo;un an.<\/p>\n\n\n\n<h3 class=\"wp-block-heading\">Le Plan local d&rsquo;urbanisme, amand\u00e9 des diff\u00e9rents avis du public et du rapport de la commissaire enqu\u00eatrice sera soumis \u00e0 la d\u00e9lib\u00e9ration du conseil municipal. <\/h3>\n\n\n\n<ul class=\"wp-block-list\"><li><a rel=\"noreferrer noopener\" aria-label=\"L\u2019arr\u00eat\u00e9 du 20 octobre sur la r\u00e9vision du PLU (s\u2019ouvre dans un nouvel onglet)\" href=\"http:\/\/rassembler-avenir-stfp.fr\/wp-content\/uploads\/2023\/11\/Arr\u00eat\u00e9-Enquete_publique_r\u00e9vision_PLU-Saint-Fargeau-Ponthierry.pdf\" target=\"_blank\">L\u2019arr\u00eat\u00e9 du 20 octobre sur la r\u00e9vision du PLU<\/a><\/li><\/ul>\n\n\n\n<ul class=\"wp-block-list\"><li><a rel=\"noreferrer noopener\" aria-label=\"L'avis d'enqu\u00eate publique (s\u2019ouvre dans un nouvel onglet)\" href=\"http:\/\/rassembler-avenir-stfp.fr\/wp-content\/uploads\/2023\/11\/Avis-denqu\u00eate-publique-revision_PLU-SFP.pdf\" target=\"_blank\">L&rsquo;avis d&rsquo;enqu\u00eate publique<\/a><\/li><\/ul>\n\n\n\n<ul class=\"wp-block-list\"><li><a rel=\"noreferrer noopener\" aria-label=\"Pour consulter tous les d\u00e9tails de la r\u00e9vision  (s\u2019ouvre dans un nouvel onglet)\" href=\"https:\/\/www.saint-fargeau-ponthierry.fr\/information-transversale\/actualites\/enquete-publique-1199\" target=\"_blank\">Pour consulter tous les d\u00e9tails de la r\u00e9vision <\/a><\/li><\/ul>\n\n\n\n<ul class=\"wp-block-list\"><li><a rel=\"noreferrer noopener\" aria-label=\"Les \u00e9l\u00e9ments essentiels du PLU actuellement en vigueur sont \u00e0 retrouv\u00e9s sur le site de la ville (s\u2019ouvre dans un nouvel onglet)\" href=\"https:\/\/www.saint-fargeau-ponthierry.fr\/cadre-de-vie-environnement\/urbanisme-plu\/plan-local-durbanisme-plu\/elements-essentiels-du-plu-actuellement-en-vigueur\" target=\"_blank\">Les \u00e9l\u00e9ments essentiels du PLU actuellement en vigueur sont \u00e0 retrouv\u00e9s sur le site de la ville<\/a><\/li><\/ul>\n","protected":false},"excerpt":{"rendered":"<p>Saint-Fargeau-Ponthierry lance la r\u00e9vision de son Plan local d&rsquo;urbanisme (PLU) ! Le PLU d\u00e9finit notamment les r\u00e8gles d&rsquo;am\u00e9nagement et le droit des sols, indique les secteurs constructibles, ou encore les zones qui doivent rester naturelles. Apr\u00e8s la r\u00e9vision de 2018, sous l&rsquo;ancienne mandature, qui a ouvert les vannes \u00e0 une urbanisation non-ma\u00eetris\u00e9e, la municipalit\u00e9 actuelle se fixe plusieurs objectifs pour<\/p>\n","protected":false},"author":14,"featured_media":1887,"comment_status":"open","ping_status":"open","sticky":false,"template":"","format":"standard","meta":{"_monsterinsights_skip_tracking":false,"_monsterinsights_sitenote_active":false,"_monsterinsights_sitenote_note":"","_monsterinsights_sitenote_category":0,"footnotes":""},"categories":[3,91],"tags":[185,30,28,29,16],"class_list":["post-3311","post","type-post","status-publish","format-standard","has-post-thumbnail","hentry","category-actualites-debats","category-amenagement-du-territoire-urbanisme","tag-actu","tag-enquete-publique","tag-plan-local-durbanisme","tag-plu","tag-saint-fargeau-ponthierry"],"aioseo_notices":[],"_links":{"self":[{"href":"http:\/\/rassembler-avenir-stfp.fr\/index.php\/wp-json\/wp\/v2\/posts\/3311","targetHints":{"allow":["GET"]}}],"collection":[{"href":"http:\/\/rassembler-avenir-stfp.fr\/index.php\/wp-json\/wp\/v2\/posts"}],"about":[{"href":"http:\/\/rassembler-avenir-stfp.fr\/index.php\/wp-json\/wp\/v2\/types\/post"}],"author":[{"embeddable":true,"href":"http:\/\/rassembler-avenir-stfp.fr\/index.php\/wp-json\/wp\/v2\/users\/14"}],"replies":[{"embeddable":true,"href":"http:\/\/rassembler-avenir-stfp.fr\/index.php\/wp-json\/wp\/v2\/comments?post=3311"}],"version-history":[{"count":5,"href":"http:\/\/rassembler-avenir-stfp.fr\/index.php\/wp-json\/wp\/v2\/posts\/3311\/revisions"}],"predecessor-version":[{"id":3318,"href":"http:\/\/rassembler-avenir-stfp.fr\/index.php\/wp-json\/wp\/v2\/posts\/3311\/revisions\/3318"}],"wp:featuredmedia":[{"embeddable":true,"href":"http:\/\/rassembler-avenir-stfp.fr\/index.php\/wp-json\/wp\/v2\/media\/1887"}],"wp:attachment":[{"href":"http:\/\/rassembler-avenir-stfp.fr\/index.php\/wp-json\/wp\/v2\/media?parent=3311"}],"wp:term":[{"taxonomy":"category","embeddable":true,"href":"http:\/\/rassembler-avenir-stfp.fr\/index.php\/wp-json\/wp\/v2\/categories?post=3311"},{"taxonomy":"post_tag","embeddable":true,"href":"http:\/\/rassembler-avenir-stfp.fr\/index.php\/wp-json\/wp\/v2\/tags?post=3311"}],"curies":[{"name":"wp","href":"https:\/\/api.w.org\/{rel}","templated":true}]}}