{"id":3231,"date":"2022-03-06T16:11:19","date_gmt":"2022-03-06T15:11:19","guid":{"rendered":"http:\/\/rassembler-avenir-stfp.fr\/?p=3231"},"modified":"2022-03-06T16:11:21","modified_gmt":"2022-03-06T15:11:21","slug":"ukraine-la-solidarite-sorganise","status":"publish","type":"post","link":"http:\/\/rassembler-avenir-stfp.fr\/index.php\/2022\/03\/06\/ukraine-la-solidarite-sorganise\/","title":{"rendered":"Ukraine : la solidarit\u00e9 s&rsquo;organise"},"content":{"rendered":"\n<p><strong>En Ukraine, la guerre d\u00e9clar\u00e9e par le Russie a d\u00e9j\u00e0 des cons\u00e9quences humanitaires dramatiques. Le Haut-commissariat de l&rsquo;ONU pour les r\u00e9fugi\u00e9s estime \u00e0 plus d&rsquo;un 1,5 million de r\u00e9fugi\u00e9s ukrainiens qui ont fui l&rsquo;Ukraine pour les pays voisins. <\/strong><\/p>\n\n\n\n<p>Face \u00e0 la catastrophe\nhumanitaire que les ONG constatent d\u00e9j\u00e0, la mobilisation de la communaut\u00e9 internationale\nest primordiale. <\/p>\n\n\n\n<p>C&rsquo;est pourquoi la\nCommunaut\u00e9 d\u2019Agglom\u00e9ration Melun-Val-de-Seine (CAMVS) et les communes du\nterritoire se mobilisent pour une collecte solidaire. <\/p>\n\n\n\n<p>Elles font appel \u00e0 vous\npour des dons de mat\u00e9riels ou des dons financiers. <\/p>\n\n\n\n<p>L&rsquo;aide de b\u00e9n\u00e9voles est\n\u00e9galement n\u00e9cessaire, de m\u00eame que des offres d&rsquo;h\u00e9bergement pour accueillir les\nUkrainiens venus trouver refuge en France.<\/p>\n\n\n\n<p>Nous vous relayons ici l&rsquo;appel\nde la CAMVS et de la municipalit\u00e9 de Saint-Fargeau-Ponthierry. <\/p>\n\n\n\n<h2 class=\"wp-block-heading\"><strong>DONS MAT\u00c9RIELS<\/strong><\/h2>\n\n\n\n<p>Deux centres de d\u00e9p\u00f4t et\nde tri pour accueillir les dons mat\u00e9riels ont d\u2019ores et d\u00e9j\u00e0 \u00e9t\u00e9 identifi\u00e9s sur\nle territoire de l\u2019agglom\u00e9ration :<\/p>\n\n\n\n<h3 class=\"wp-block-heading\"><strong>\u00c0\nSaint-Fargeau-Ponthierry<\/strong><\/h3>\n\n\n\n<p>Dans l\u2019accueil de la\nMairie (85, Avenue de Fontainebleau &#8211; 01 60 65 20 20) selon ces horaires\nd\u2019ouverture :<\/p>\n\n\n\n<p>Lundi, jeudi, vendredi :\n8h30-12h00 \/ 13h30-17h00 Mardi : 13h30-17h00<\/p>\n\n\n\n<p>Mercredi : 8h30 \/ 17h00\n(en continu)<\/p>\n\n\n\n<p>Permanence du Guichet\nunique le samedi, de 9h \u00e0 12h<\/p>\n\n\n\n<h3 class=\"wp-block-heading\"><strong>\u00c0 Melun<\/strong><\/h3>\n\n\n\n<p>Au gymnase Joannes Raymond\n(50, Avenue Georges Pompidou &#8211; 01 64 09 26 26) d\u00e8s mercredi 9 mars \u00e0 partir de\n8 heures 30. Les associations humanitaires qui se joignent \u00e0 ce mouvement de\nsolidarit\u00e9 seront pr\u00e9sentes dans le gymnase afin de recueillir les dons,\nsoutenues par des agents de la Ville.<br>\n<br>\nUne liste limitative de mat\u00e9riel utile sera dress\u00e9e et r\u00e9guli\u00e8rement mise \u00e0\njour en fonction des besoins sur place.<\/p>\n\n\n\n<h4 class=\"wp-block-heading\"><br>\n<strong>Pour l\u2019heure, il est demand\u00e9 de donner en priorit\u00e9 :<\/strong><\/h4>\n\n\n\n<ul class=\"wp-block-list\"><li>Des chargeurs de\nt\u00e9l\u00e9phone et des batteries externes<\/li><li>Des piles, des\ntalkies-walkies, des lampes de poche<\/li><li>Des produits\nb\u00e9b\u00e9s : couches, lait maternis\u00e9, lingettes, petits pots, t\u00e9tines emball\u00e9es,\nbiberons avec t\u00e9tine<\/li><li>Des produits\nd&rsquo;hygi\u00e8ne : brosses \u00e0 dents enfants et adultes, dentifrice, savons, shampoings,\nprotections p\u00e9riodiques, mousse \u00e0 raser, rasoirs, mouchoirs en papier, papier\ntoilette<\/li><li>Des produits\nalimentaires : chocolat en poudre, caf\u00e9 lyophilis\u00e9, lait en poudre, barres de\nc\u00e9r\u00e9ales, sucre, produits non p\u00e9rissables (conserves, compote), chocolat,\nbiscuits, boissons \u00e9nerg\u00e9tiques<\/li><li>Du mat\u00e9riel\nscolaire : crayons de couleurs, gommes, cahiers, coloriages.<\/li><\/ul>\n\n\n\n<p>Pour Melun, comme pour\nSaint-Fargeau-Ponthierry, les dons tri\u00e9s seront ensuite transport\u00e9s jusqu\u2019au\np\u00f4le a\u00e9ronautique de Villaroche, au nord de l\u2019agglom\u00e9ration, o\u00f9 un hangar a \u00e9t\u00e9\nmis \u00e0 disposition de la soci\u00e9t\u00e9 JPB Syst\u00e8me par le SYMPAV pour centraliser le\nd\u00e9part du mat\u00e9riel vers la fronti\u00e8re polono-ukrainienne.<\/p>\n\n\n\n<h2 class=\"wp-block-heading\"><strong>DONS FINANCIERS<\/strong><\/h2>\n\n\n\n<p>La Communaut\u00e9\nd\u2019Agglom\u00e9ration Melun-Val-de-Seine et les communes appellent chaque habitant du\nterritoire qui le souhaite et qui le peut \u00e0 effectuer un don financier aux\ndiff\u00e9rentes associations reconnues qui se mobilisent en France comme en Ukraine\npour venir en aide \u00e0 la population qui fuit la guerre.<\/p>\n\n\n\n<p>Les CCAS de chaque commune\nsont \u00e9galement habilit\u00e9s \u00e0 recevoir des dons qui ouvrent aussi droit \u00e0 des\nd\u00e9ductions fiscales. Ces dons seront ensuite int\u00e9gralement revers\u00e9s aux\nassociations comp\u00e9tentes ou convertis en mat\u00e9riel utile.<\/p>\n\n\n\n<h2 class=\"wp-block-heading\"><strong>B\u00c9N\u00c9VOLES<\/strong><\/h2>\n\n\n\n<p>La Communaut\u00e9\nd\u2019Agglom\u00e9ration Melun-Val-de-Seine et les communes lancent un appel aux\nb\u00e9n\u00e9voles qui souhaiteraient aider les communes et les associations \u00e0 proc\u00e9der\nau tri et empaquetage des dons mat\u00e9riels re\u00e7us.<\/p>\n\n\n\n<p>Pour la Ville de Melun, le\nservice Vie Associative centralisera les propositions de service afin de les\nr\u00e9partir aupr\u00e8s des associations. Le service est joignable au 01 64 52 11 57.<\/p>\n\n\n\n<h2 class=\"wp-block-heading\"><strong>H\u00c9BERGEMENT<\/strong><\/h2>\n\n\n\n<p>Un tr\u00e8s grand nombre de\nr\u00e9fugi\u00e9s ukrainiens se lancent sur les routes et seront bient\u00f4t en Europe de\nl\u2019Ouest.<\/p>\n\n\n\n<p>La France, comme les\nautres pays de l\u2019Union europ\u00e9enne, devront prendre part \u00e0 cette solidarit\u00e9.<\/p>\n\n\n\n<p>Aussi, les communes de l\u2019agglom\u00e9ration seront invit\u00e9es par le pr\u00e9fet de Seine-et-Marne \u00e0 mettre en place une proc\u00e9dure coordonn\u00e9e d&rsquo;h\u00e9bergement.<\/p>\n\n\n\n<ul class=\"wp-block-list\"><li><a href=\"https:\/\/www.saint-fargeau-ponthierry.fr\/information-transversale\/actualites\/collecte-pour-lukraine-734\" target=\"_blank\" rel=\"noreferrer noopener\" aria-label=\"Collecte pour l'Ukraine (s\u2019ouvre dans un nouvel onglet)\">Collecte pour l&rsquo;Ukraine<\/a><\/li><\/ul>\n","protected":false},"excerpt":{"rendered":"<p>En Ukraine, la guerre d\u00e9clar\u00e9e par le Russie a d\u00e9j\u00e0 des cons\u00e9quences humanitaires dramatiques. Le Haut-commissariat de l&rsquo;ONU pour les r\u00e9fugi\u00e9s estime \u00e0 plus d&rsquo;un 1,5 million de r\u00e9fugi\u00e9s ukrainiens qui ont fui l&rsquo;Ukraine pour les pays voisins. Face \u00e0 la catastrophe humanitaire que les ONG constatent d\u00e9j\u00e0, la mobilisation de la communaut\u00e9 internationale est primordiale. C&rsquo;est pourquoi la Communaut\u00e9<\/p>\n","protected":false},"author":14,"featured_media":3232,"comment_status":"open","ping_status":"open","sticky":false,"template":"","format":"standard","meta":{"_monsterinsights_skip_tracking":false,"_monsterinsights_sitenote_active":false,"_monsterinsights_sitenote_note":"","_monsterinsights_sitenote_category":0,"footnotes":""},"categories":[3],"tags":[185,386,385,387,16,275,384],"class_list":["post-3231","post","type-post","status-publish","format-standard","has-post-thumbnail","hentry","category-actualites-debats","tag-actu","tag-guerre","tag-humanitaire","tag-refugies","tag-saint-fargeau-ponthierry","tag-solidarite","tag-ukraine"],"aioseo_notices":[],"_links":{"self":[{"href":"http:\/\/rassembler-avenir-stfp.fr\/index.php\/wp-json\/wp\/v2\/posts\/3231","targetHints":{"allow":["GET"]}}],"collection":[{"href":"http:\/\/rassembler-avenir-stfp.fr\/index.php\/wp-json\/wp\/v2\/posts"}],"about":[{"href":"http:\/\/rassembler-avenir-stfp.fr\/index.php\/wp-json\/wp\/v2\/types\/post"}],"author":[{"embeddable":true,"href":"http:\/\/rassembler-avenir-stfp.fr\/index.php\/wp-json\/wp\/v2\/users\/14"}],"replies":[{"embeddable":true,"href":"http:\/\/rassembler-avenir-stfp.fr\/index.php\/wp-json\/wp\/v2\/comments?post=3231"}],"version-history":[{"count":2,"href":"http:\/\/rassembler-avenir-stfp.fr\/index.php\/wp-json\/wp\/v2\/posts\/3231\/revisions"}],"predecessor-version":[{"id":3234,"href":"http:\/\/rassembler-avenir-stfp.fr\/index.php\/wp-json\/wp\/v2\/posts\/3231\/revisions\/3234"}],"wp:featuredmedia":[{"embeddable":true,"href":"http:\/\/rassembler-avenir-stfp.fr\/index.php\/wp-json\/wp\/v2\/media\/3232"}],"wp:attachment":[{"href":"http:\/\/rassembler-avenir-stfp.fr\/index.php\/wp-json\/wp\/v2\/media?parent=3231"}],"wp:term":[{"taxonomy":"category","embeddable":true,"href":"http:\/\/rassembler-avenir-stfp.fr\/index.php\/wp-json\/wp\/v2\/categories?post=3231"},{"taxonomy":"post_tag","embeddable":true,"href":"http:\/\/rassembler-avenir-stfp.fr\/index.php\/wp-json\/wp\/v2\/tags?post=3231"}],"curies":[{"name":"wp","href":"https:\/\/api.w.org\/{rel}","templated":true}]}}