{"id":3004,"date":"2020-07-01T16:24:20","date_gmt":"2020-07-01T14:24:20","guid":{"rendered":"http:\/\/rassembler-avenir-stfp.fr\/?p=3004"},"modified":"2020-07-01T16:30:37","modified_gmt":"2020-07-01T14:30:37","slug":"saint-fargeau-ponthierry-conseil-municipal-dinstallation","status":"publish","type":"post","link":"http:\/\/rassembler-avenir-stfp.fr\/index.php\/2020\/07\/01\/saint-fargeau-ponthierry-conseil-municipal-dinstallation\/","title":{"rendered":"Saint-Fargeau-Ponthierry : Conseil municipal d&rsquo;installation"},"content":{"rendered":"\n<h4 class=\"wp-block-heading\">S\u00e9verine F\u00e9lix-Boron et tous les \u00e9lus de la liste \u00ab\u00a0Ensemble et Autrement\u00a0\u00bb vous invitent \u00e0 les retrouver lors de la s\u00e9ance d&rsquo;installation du nouveau conseil municipal de Saint-Fargeau-Ponthierry.<\/h4>\n\n\n\n<p><em>\u00ab\u00a0Madame,\nMonsieur,<\/em><\/p>\n\n\n\n<p><em>Nous avons le plaisir\nde vous annoncer que le conseil municipal d&rsquo;installation de\nSaint-Fargeau-Ponthierry aura lieu<\/em><\/p>\n\n\n\n<h3 class=\"wp-block-heading\"><em><br>\n<\/em><strong><em>Samedi 4 juillet \u00e0 10\nh<\/em><\/strong><\/h3>\n\n\n\n<h3 class=\"wp-block-heading\"><strong><em>dans la salle omnisports de Seine-Ecole Loisirs.<\/em><\/strong><\/h3>\n\n\n\n<p><em><br> Compte tenu des recommandations sanitaires, le nombre de places pour le public sera limit\u00e9 \u00e0 250.<\/em><\/p>\n\n\n\n<p><em><br>\nRespectueusement,<\/em><\/p>\n\n\n\n<p><em>S\u00e9verine F\u00e9lix-Boron et toute l\u00a0\u00bb\u00e9quipe \u00ab\u00a0Ensemble et Autrement\u00a0\u00bb<\/em><\/p>\n\n\n\n<p>N&rsquo;h\u00e9sitez pas \u00e0 les retrouver.<\/p>\n\n\n\n<figure class=\"wp-block-image\"><img loading=\"lazy\" decoding=\"async\" width=\"669\" height=\"353\" src=\"http:\/\/rassembler-avenir-stfp.fr\/wp-content\/uploads\/2020\/06\/Tract-Ensemble-et-autrement-bandeau-1er-juin.jpg\" alt=\"\" class=\"wp-image-2847\" srcset=\"http:\/\/rassembler-avenir-stfp.fr\/wp-content\/uploads\/2020\/06\/Tract-Ensemble-et-autrement-bandeau-1er-juin.jpg 669w, http:\/\/rassembler-avenir-stfp.fr\/wp-content\/uploads\/2020\/06\/Tract-Ensemble-et-autrement-bandeau-1er-juin-300x158.jpg 300w\" sizes=\"auto, (max-width: 669px) 100vw, 669px\" \/><\/figure>\n","protected":false},"excerpt":{"rendered":"<p>S\u00e9verine F\u00e9lix-Boron et tous les \u00e9lus de la liste \u00ab\u00a0Ensemble et Autrement\u00a0\u00bb vous invitent \u00e0 les retrouver lors de la s\u00e9ance d&rsquo;installation du nouveau conseil municipal de Saint-Fargeau-Ponthierry. \u00ab\u00a0Madame, Monsieur, Nous avons le plaisir de vous annoncer que le conseil municipal d&rsquo;installation de Saint-Fargeau-Ponthierry aura lieu Samedi 4 juillet \u00e0 10 h dans la salle omnisports de Seine-Ecole Loisirs. Compte<\/p>\n","protected":false},"author":14,"featured_media":2850,"comment_status":"open","ping_status":"open","sticky":false,"template":"","format":"standard","meta":{"_monsterinsights_skip_tracking":false,"_monsterinsights_sitenote_active":false,"_monsterinsights_sitenote_note":"","_monsterinsights_sitenote_category":0,"footnotes":""},"categories":[3,86],"tags":[185,17,341,16,345],"class_list":["post-3004","post","type-post","status-publish","format-standard","has-post-thumbnail","hentry","category-actualites-debats","category-democratie-actualites-debats","tag-actu","tag-conseil-municipal","tag-ensemble-et-autrement","tag-saint-fargeau-ponthierry","tag-severine-felix-boron"],"aioseo_notices":[],"_links":{"self":[{"href":"http:\/\/rassembler-avenir-stfp.fr\/index.php\/wp-json\/wp\/v2\/posts\/3004","targetHints":{"allow":["GET"]}}],"collection":[{"href":"http:\/\/rassembler-avenir-stfp.fr\/index.php\/wp-json\/wp\/v2\/posts"}],"about":[{"href":"http:\/\/rassembler-avenir-stfp.fr\/index.php\/wp-json\/wp\/v2\/types\/post"}],"author":[{"embeddable":true,"href":"http:\/\/rassembler-avenir-stfp.fr\/index.php\/wp-json\/wp\/v2\/users\/14"}],"replies":[{"embeddable":true,"href":"http:\/\/rassembler-avenir-stfp.fr\/index.php\/wp-json\/wp\/v2\/comments?post=3004"}],"version-history":[{"count":2,"href":"http:\/\/rassembler-avenir-stfp.fr\/index.php\/wp-json\/wp\/v2\/posts\/3004\/revisions"}],"predecessor-version":[{"id":3006,"href":"http:\/\/rassembler-avenir-stfp.fr\/index.php\/wp-json\/wp\/v2\/posts\/3004\/revisions\/3006"}],"wp:featuredmedia":[{"embeddable":true,"href":"http:\/\/rassembler-avenir-stfp.fr\/index.php\/wp-json\/wp\/v2\/media\/2850"}],"wp:attachment":[{"href":"http:\/\/rassembler-avenir-stfp.fr\/index.php\/wp-json\/wp\/v2\/media?parent=3004"}],"wp:term":[{"taxonomy":"category","embeddable":true,"href":"http:\/\/rassembler-avenir-stfp.fr\/index.php\/wp-json\/wp\/v2\/categories?post=3004"},{"taxonomy":"post_tag","embeddable":true,"href":"http:\/\/rassembler-avenir-stfp.fr\/index.php\/wp-json\/wp\/v2\/tags?post=3004"}],"curies":[{"name":"wp","href":"https:\/\/api.w.org\/{rel}","templated":true}]}}