{"id":2830,"date":"2020-05-21T16:26:31","date_gmt":"2020-05-21T14:26:31","guid":{"rendered":"http:\/\/rassembler-avenir-stfp.fr\/?p=2830"},"modified":"2020-05-21T16:26:33","modified_gmt":"2020-05-21T14:26:33","slug":"conseil-municipal-du-4-juin-posez-vos-questions","status":"publish","type":"post","link":"http:\/\/rassembler-avenir-stfp.fr\/index.php\/2020\/05\/21\/conseil-municipal-du-4-juin-posez-vos-questions\/","title":{"rendered":"Conseil municipal du 4 juin : posez vos questions"},"content":{"rendered":"\n<p><strong>Les \u00e9lus d\u2019opposition du groupe Transition viennent d\u2019obtenir la tenue d\u2019un conseil municipal d\u00e9but juin afin que soient rendues de fa\u00e7on totalement transparentes les d\u00e9cisions prises par le maire<\/strong>. La loi du 1er avril a renforc\u00e9 les pouvoirs des ex\u00e9cutifs locaux, autorisant les maires \u00e0 prendre les mesures n\u00e9cessaires pendant la crise sanitaire.<\/p>\n\n\n\n<p>Mais <strong>une\ncontrepartie est impos\u00e9e \u00e0 cette extension de pouvoir<\/strong> pendant la crise&nbsp;:\nque le maire rende compte r\u00e9guli\u00e8rement de ses d\u00e9cisions \u00e0 tous les \u00e9lus du\nconseil municipal dont les mandats ont \u00e9t\u00e9 prolong\u00e9s jusqu\u2019aux r\u00e9sultats du deuxi\u00e8me\ntour des \u00e9lections municipales. <\/p>\n\n\n\n<p>Alors que la\nd\u00e9pense publique de la ville s\u2019acc\u00e9l\u00e8re, que des march\u00e9s sont pass\u00e9s et que de\nnouveaux permis de construire s\u2019affichent <strong>\u00e0 Saint-Fargeau-Ponthierry, jamais\nla moindre information n\u2019a \u00e9t\u00e9 fournie aux \u00e9lus de l&rsquo;opposition. <\/strong>C\u2019est\npourtant ce qui se pratique dans la plupart des communes et notamment \u00e0\nl\u2019agglom\u00e9ration melunaise.<\/p>\n\n\n\n<p>La loi\npermet que, lorsque plus de 20% des conseillers municipaux demandent la\nconvocation d&rsquo;un conseil municipal, celui-ci devient obligatoire. Les sept \u00e9lus\ndu groupe Transition ont donc fait cette demande. Compte tenu des difficult\u00e9s\ndu moment, ils ont toutefois laiss\u00e9 au maire un d\u00e9lai d\u2019un mois pour\nl\u2019organiser, l\u00e0 o\u00f9 la loi obligerait sa mise en place sous six jours.<\/p>\n\n\n\n<h4 class=\"wp-block-heading\">La campagne \u00e9lectorale est l\u00e9gitimement suspendue. Mais <strong>la vie d\u00e9mocratique n\u2019a pas \u00e0 \u00eatre interrompue.<\/strong> <\/h4>\n\n\n\n<p>La loi doit \u00eatre respect\u00e9e. La municipalit\u00e9 doit rendre compte et informer de fa\u00e7on transparente des d\u00e9cisions prises.<\/p>\n\n\n\n<p>Les \u00e9lus du\ngroupe Transition avaient demand\u00e9 que la date et l\u2019heure de ce conseil municipal\nsoient d\u00e9cid\u00e9s en commun avec l&rsquo;ensemble des \u00e9lus. Ils demandaient \u00e9galement\nque l\u2019ordre du jour soit d\u00e9cid\u00e9 de fa\u00e7on partag\u00e9e et concert\u00e9e.<\/p>\n\n\n\n<p>Ces demandes\nont \u00e9t\u00e9 vaines. Apr\u00e8s une premi\u00e8re date fix\u00e9e arbitrairement au 2 juin, le\nconseil municipal se tiendra finalement le jeudi 4 juin \u00e0 18h30 en mairie. Seul\npoint positif : comme les \u00e9lus d&rsquo;opposition l&rsquo;ont demand\u00e9, une retransmission\nen direct du conseil aura lieu afin que chacun puisse suivre les d\u00e9bats.<\/p>\n\n\n\n<h4 class=\"wp-block-heading\"><strong>Les F\u00e9r\u00e9opontains auront donc la possibilit\u00e9 d\u2019assister aux d\u00e9bats<\/strong>. <\/h4>\n\n\n\n<p>Mais ils ne pourront pas poser de questions en fin de s\u00e9ance. <\/p>\n\n\n\n<p><strong>RPA propose\ndonc \u00e0 l&rsquo;ensemble des habitants qui le d\u00e9sirent de faire parvenir les questions\nqu\u2019ils souhaitent voir poser au maire ou aux \u00e9lus pr\u00e9sents.<\/strong><\/p>\n\n\n\n<p>Ces questions seront confi\u00e9es aux \u00e9lus du groupe Transition qui se\nferont ce jour-l\u00e0 le relais des demandes de l&rsquo;ensemble des F\u00e9r\u00e9opontains. <\/p>\n\n\n\n<h4 class=\"wp-block-heading\"><strong>Nous nous engageons \u00e0 diffuser les r\u00e9ponses obtenues.<\/strong><\/h4>\n\n\n\n<p><strong>Pour nous faire part de vos interrogations, vous pouvez&nbsp;:<\/strong><\/p>\n\n\n\n<ul class=\"wp-block-list\"><li>Le faire via <a rel=\"noreferrer noopener\" aria-label=\"ce formulaire (s\u2019ouvre dans un nouvel onglet)\" href=\"https:\/\/docs.google.com\/forms\/d\/e\/1FAIpQLScGzQEBpb72bmNJiBnDg-c9VoMy2U9qcp74DJ-oVEE9rR7RNQ\/viewform?usp=pp_url\" target=\"_blank\">ce formulaire<\/a> <\/li><\/ul>\n\n\n\n<ul class=\"wp-block-list\"><li>Nous envoyer\nun courriel&nbsp;: <a href=\"mailto:rassembler.avenir.stfp@gmail.com\">rassembler.avenir.stfp@gmail.com<\/a><\/li><\/ul>\n","protected":false},"excerpt":{"rendered":"<p>Les \u00e9lus d\u2019opposition du groupe Transition viennent d\u2019obtenir la tenue d\u2019un conseil municipal d\u00e9but juin afin que soient rendues de fa\u00e7on totalement transparentes les d\u00e9cisions prises par le maire. La loi du 1er avril a renforc\u00e9 les pouvoirs des ex\u00e9cutifs locaux, autorisant les maires \u00e0 prendre les mesures n\u00e9cessaires pendant la crise sanitaire. Mais une contrepartie est impos\u00e9e \u00e0 cette<\/p>\n","protected":false},"author":14,"featured_media":2832,"comment_status":"open","ping_status":"open","sticky":false,"template":"","format":"standard","meta":{"_monsterinsights_skip_tracking":false,"_monsterinsights_sitenote_active":false,"_monsterinsights_sitenote_note":"","_monsterinsights_sitenote_category":0,"footnotes":""},"categories":[3,86,257,1],"tags":[185,17,351,350,20,238,248,16,293],"class_list":["post-2830","post","type-post","status-publish","format-standard","has-post-thumbnail","hentry","category-actualites-debats","category-democratie-actualites-debats","category-lhebdo","category-non-classe","tag-actu","tag-conseil-municipal","tag-coronavirus","tag-covid-19","tag-democratie","tag-elus-de-lopposition","tag-hebdo","tag-saint-fargeau-ponthierry","tag-transition"],"aioseo_notices":[],"_links":{"self":[{"href":"http:\/\/rassembler-avenir-stfp.fr\/index.php\/wp-json\/wp\/v2\/posts\/2830","targetHints":{"allow":["GET"]}}],"collection":[{"href":"http:\/\/rassembler-avenir-stfp.fr\/index.php\/wp-json\/wp\/v2\/posts"}],"about":[{"href":"http:\/\/rassembler-avenir-stfp.fr\/index.php\/wp-json\/wp\/v2\/types\/post"}],"author":[{"embeddable":true,"href":"http:\/\/rassembler-avenir-stfp.fr\/index.php\/wp-json\/wp\/v2\/users\/14"}],"replies":[{"embeddable":true,"href":"http:\/\/rassembler-avenir-stfp.fr\/index.php\/wp-json\/wp\/v2\/comments?post=2830"}],"version-history":[{"count":2,"href":"http:\/\/rassembler-avenir-stfp.fr\/index.php\/wp-json\/wp\/v2\/posts\/2830\/revisions"}],"predecessor-version":[{"id":2833,"href":"http:\/\/rassembler-avenir-stfp.fr\/index.php\/wp-json\/wp\/v2\/posts\/2830\/revisions\/2833"}],"wp:featuredmedia":[{"embeddable":true,"href":"http:\/\/rassembler-avenir-stfp.fr\/index.php\/wp-json\/wp\/v2\/media\/2832"}],"wp:attachment":[{"href":"http:\/\/rassembler-avenir-stfp.fr\/index.php\/wp-json\/wp\/v2\/media?parent=2830"}],"wp:term":[{"taxonomy":"category","embeddable":true,"href":"http:\/\/rassembler-avenir-stfp.fr\/index.php\/wp-json\/wp\/v2\/categories?post=2830"},{"taxonomy":"post_tag","embeddable":true,"href":"http:\/\/rassembler-avenir-stfp.fr\/index.php\/wp-json\/wp\/v2\/tags?post=2830"}],"curies":[{"name":"wp","href":"https:\/\/api.w.org\/{rel}","templated":true}]}}