{"id":2778,"date":"2020-04-24T12:39:17","date_gmt":"2020-04-24T10:39:17","guid":{"rendered":"http:\/\/rassembler-avenir-stfp.fr\/?p=2778"},"modified":"2020-04-24T12:39:20","modified_gmt":"2020-04-24T10:39:20","slug":"pour-une-reprise-des-cours-de-nos-collegiens-en-toute-securite","status":"publish","type":"post","link":"http:\/\/rassembler-avenir-stfp.fr\/index.php\/2020\/04\/24\/pour-une-reprise-des-cours-de-nos-collegiens-en-toute-securite\/","title":{"rendered":"Pour une reprise des cours de nos coll\u00e9giens en toute s\u00e9curit\u00e9"},"content":{"rendered":"\n<p><strong>Apr\u00e8s les \u00e9l\u00e8ves du\nprimaire qui devraient retourner progressivement en classe la semaine du 11\nmai, les coll\u00e9giens pourraient reprendre les cours \u00e0 partir du 18 mai.<\/strong> Ce seraient d\u2019abord les \u00e9l\u00e8ves de 6e et de 3e qui se\nretrouveraient. Puis, la semaine suivante, les 5e et les 4e les rejoindraient.\nCe sont les pistes d\u00e9voil\u00e9es mardi dernier par le ministre de l\u2019Education\nnationale Jean-Michel Blanquer. Prudent, il a pr\u00e9cis\u00e9 qu\u2019il s\u2019agirait d\u2019une <em>\u00ab&nbsp;rentr\u00e9e\ntr\u00e8s progressive&nbsp;\u00bb<\/em> et que l\u2019on n\u2019aura pas <em>\u00ab&nbsp;tous les \u00e9l\u00e8ves\nqui vont arriver et entrer en classe comme si on reprenait les choses\nnormalement&nbsp;\u00bb.<\/em><\/p>\n\n\n\n<p><strong>A\nSaint-Fargeau-Ponthierry<\/strong> comme\nailleurs, les conditions de reprises doivent \u00eatre \u00e9tudi\u00e9es, discut\u00e9es avec tous\nles acteurs du monde \u00e9ducatif&nbsp;: la direction du coll\u00e8ge, le corps\nenseignant, les parents d\u2019\u00e9l\u00e8ves, les agents du coll\u00e8ge, la restauration\nscolaire, les transports scolaires\u2026 Tout ceci doit \u00e9videmment \u00eatre fait en concertation\navec les services de l\u2019Education nationale et le conseil d\u00e9partemental. <\/p>\n\n\n\n<p>Sur notre commune, la\ngrande interrogation concerne le coll\u00e8ge Fran\u00e7ois Villon. <strong>Comment g\u00e9rer la\nvie scolaire de pr\u00e8s de 1&nbsp;000 \u00e9l\u00e8ves,<\/strong> m\u00eame \u00e0 mi-effectifs, des\nenseignants et des personnels techniques et administratifs, tout en respectant\nla distanciation sociale et les gestes barri\u00e8res, en tenant compte des \u00e9l\u00e8ves\nles plus p\u00e9nalis\u00e9s pendant la dur\u00e9e du confinement&nbsp;? Comment retrouver des\nconditions d\u2019enseignements \u00e9quitables pour tous&nbsp;?<\/p>\n\n\n\n<p><strong>Cette question doit\n\u00eatre trait\u00e9e en urgence<\/strong>. La direction\ndes services d\u00e9partementaux de l\u2019Education nationale doit \u00eatre tr\u00e8s vigilante\nsur les r\u00e9ponses apport\u00e9es par le conseil d\u00e9partemental, qui a la\nresponsabilit\u00e9 du fonctionnement des coll\u00e8ges.<\/p>\n\n\n\n<p>C\u2019est dans cette optique\nque <strong>les \u00e9lus d\u2019opposition du groupe Transition<\/strong> ont \u00e9crit au Conseil d\u00e9partemental\nde Seine-et-Marne et aux services de l\u2019Education nationale de Seine-et-Marne\npour les alerter sur <strong>la situation particuli\u00e8rement critique de notre coll\u00e8ge<\/strong>,\nl\u2019un des plus gros du d\u00e9partement. Avec un souci majeur&nbsp;: la protection\nsanitaire des \u00e9l\u00e8ves et des personnels, sachant qu&rsquo;auparavant 90% des \u00e9l\u00e8ves\nd\u00e9jeunaient \u00e0 la cantine et 50% prenaient les transports. Un vrai d\u00e9fi\nd&rsquo;organisation !<\/p>\n\n\n\n<p><em>\u00ab&nbsp;Les conditions\nde concentration des \u00e9l\u00e8ves dans des espaces de vie de plus en plus r\u00e9duits, la\nlargeur des couloirs et des escaliers non dimensionn\u00e9s pour ce niveau\nd\u2019effectifs, cr\u00e9ent des conditions contraires \u00e0 toutes les pr\u00e9conisations\nsanitaires \u00e0 mettre en \u0153uvre lors du d\u00e9confinement&nbsp;\u00bb, \u00e9crivent les \u00e9lus. \u00ab&nbsp;Dans\nce contexte, la reprise progressive des activit\u00e9s de l\u2019\u00e9tablissement est\nprobl\u00e9matique.&nbsp;\u00bb <\/em><\/p>\n\n\n\n<p>Le groupe Transition\nsouhaite conna\u00eetre les <em>\u00ab&nbsp;dispositions sp\u00e9cifiques&nbsp;\u00bb<\/em> envisag\u00e9es\npar le d\u00e9partement. <\/p>\n\n\n\n<h4 class=\"wp-block-heading\"><strong>A cette situation\nin\u00e9dite, des r\u00e9ponses claires et concert\u00e9es doivent \u00eatre apport\u00e9es rapidement, avec\nune information claire \u00e0 toutes les familles, pour que la rentr\u00e9e des\ncoll\u00e9giens se d\u00e9roule le mieux possible et en toute confiance. <\/strong><\/h4>\n\n\n\n<h4 class=\"wp-block-heading\"><strong>C\u2019est dans moins d\u2019un\nmois.<\/strong><\/h4>\n\n\n\n<p><em><a href=\"http:\/\/rassembler-avenir-stfp.fr\/wp-content\/uploads\/2020\/04\/91-Pour-une-reprise-des-cours-de-nos-coll\u00e9giens-en-toute-s\u00e9curit\u00e9-24-avril-2020.pdf\" target=\"_blank\" rel=\"noreferrer noopener\" aria-label=\"Vous trouverez ci-joint le courrier des \u00e9lus du groupe Transition. (s\u2019ouvre dans un nouvel onglet)\">Vous trouverez ci-joint le courrier des \u00e9lus du groupe Transition.<\/a><\/em><\/p>\n","protected":false},"excerpt":{"rendered":"<p>Apr\u00e8s les \u00e9l\u00e8ves du primaire qui devraient retourner progressivement en classe la semaine du 11 mai, les coll\u00e9giens pourraient reprendre les cours \u00e0 partir du 18 mai. Ce seraient d\u2019abord les \u00e9l\u00e8ves de 6e et de 3e qui se retrouveraient. Puis, la semaine suivante, les 5e et les 4e les rejoindraient. Ce sont les pistes d\u00e9voil\u00e9es mardi dernier par le<\/p>\n","protected":false},"author":14,"featured_media":2259,"comment_status":"open","ping_status":"open","sticky":false,"template":"","format":"standard","meta":{"_monsterinsights_skip_tracking":false,"_monsterinsights_sitenote_active":false,"_monsterinsights_sitenote_note":"","_monsterinsights_sitenote_category":0,"footnotes":""},"categories":[3,349,85,257],"tags":[185,262,351,350,16],"class_list":["post-2778","post","type-post","status-publish","format-standard","has-post-thumbnail","hentry","category-actualites-debats","category-covid-19","category-enfance-education-jeunesse","category-lhebdo","tag-actu","tag-college","tag-coronavirus","tag-covid-19","tag-saint-fargeau-ponthierry"],"aioseo_notices":[],"_links":{"self":[{"href":"http:\/\/rassembler-avenir-stfp.fr\/index.php\/wp-json\/wp\/v2\/posts\/2778","targetHints":{"allow":["GET"]}}],"collection":[{"href":"http:\/\/rassembler-avenir-stfp.fr\/index.php\/wp-json\/wp\/v2\/posts"}],"about":[{"href":"http:\/\/rassembler-avenir-stfp.fr\/index.php\/wp-json\/wp\/v2\/types\/post"}],"author":[{"embeddable":true,"href":"http:\/\/rassembler-avenir-stfp.fr\/index.php\/wp-json\/wp\/v2\/users\/14"}],"replies":[{"embeddable":true,"href":"http:\/\/rassembler-avenir-stfp.fr\/index.php\/wp-json\/wp\/v2\/comments?post=2778"}],"version-history":[{"count":2,"href":"http:\/\/rassembler-avenir-stfp.fr\/index.php\/wp-json\/wp\/v2\/posts\/2778\/revisions"}],"predecessor-version":[{"id":2781,"href":"http:\/\/rassembler-avenir-stfp.fr\/index.php\/wp-json\/wp\/v2\/posts\/2778\/revisions\/2781"}],"wp:featuredmedia":[{"embeddable":true,"href":"http:\/\/rassembler-avenir-stfp.fr\/index.php\/wp-json\/wp\/v2\/media\/2259"}],"wp:attachment":[{"href":"http:\/\/rassembler-avenir-stfp.fr\/index.php\/wp-json\/wp\/v2\/media?parent=2778"}],"wp:term":[{"taxonomy":"category","embeddable":true,"href":"http:\/\/rassembler-avenir-stfp.fr\/index.php\/wp-json\/wp\/v2\/categories?post=2778"},{"taxonomy":"post_tag","embeddable":true,"href":"http:\/\/rassembler-avenir-stfp.fr\/index.php\/wp-json\/wp\/v2\/tags?post=2778"}],"curies":[{"name":"wp","href":"https:\/\/api.w.org\/{rel}","templated":true}]}}