{"id":2773,"date":"2020-04-17T12:44:23","date_gmt":"2020-04-17T10:44:23","guid":{"rendered":"http:\/\/rassembler-avenir-stfp.fr\/?p=2773"},"modified":"2020-04-17T12:44:25","modified_gmt":"2020-04-17T10:44:25","slug":"preparer-le-deconfinement-des-eleves-de-saint-fargeau-ponthierry","status":"publish","type":"post","link":"http:\/\/rassembler-avenir-stfp.fr\/index.php\/2020\/04\/17\/preparer-le-deconfinement-des-eleves-de-saint-fargeau-ponthierry\/","title":{"rendered":"Pr\u00e9parer le d\u00e9confinement des \u00e9l\u00e8ves de Saint-Fargeau-Ponthierry"},"content":{"rendered":"\n<p><em><strong>\u00ab\u00a0Le confinement le plus strict doit encore se poursuivre jusqu&rsquo;au lundi 11\u00a0mai\u00a0\u00bb. <\/strong><\/em><strong>C\u2019\u00e9tait ce lundi 13 avril. Le pr\u00e9sident de la R\u00e9publique a officialis\u00e9 la prolongation du confinement pour permettre de continuer \u00e0 lutter contre la propagation du coronavirus.<\/strong><\/p>\n\n\n\n<p>Dans le m\u00eame\ntemps, Emmanuel Macron a annonc\u00e9 que les cr\u00e8ches, \u00e9coles, coll\u00e8ges et lyc\u00e9es\nrouvriraient <em>\u00ab\u00a0progressivement\u00a0\u00bb<\/em>\n\u00e0 partir du 11&nbsp;mai. Le ministre de l\u2019Education nationale a d\u00e9j\u00e0 assur\u00e9 que\n<em>\u00ab&nbsp;tout le\nmonde ne rentrera pas au m\u00eame moment&nbsp;\u00bb. Le retour pourrait se faire par\n\u00ab&nbsp;petits groupes.&nbsp;\u00bb Cela implique \u00ab&nbsp;qu\u2019on n\u2019aura pas les m\u00eames\n\u00e2ges qui rentreront au m\u00eame moment \u00e0 l\u2019\u00e9cole&nbsp;\u00bb. <\/em><\/p>\n\n\n\n<p>Si les\nmodalit\u00e9s de reprise des cours ne sont donc pas encore connues, il est\nindispensable, localement, <strong>d\u2019anticiper les sc\u00e9narios possibles.<\/strong> <\/p>\n\n\n\n<p><strong>A\nSaint-Fargeau-Ponthierry,<\/strong> une attention particuli\u00e8re doit \u00eatre port\u00e9e sur l\u2019organisation de\ncette reprise des cours dans les \u00e9coles de la commune.<\/p>\n\n\n\n<p>Toutes les\nparties prenantes doivent \u00eatre associ\u00e9es&nbsp;: les directrices et directeurs\nd\u2019\u00e9coles, mais \u00e9galement tout le corps enseignant, les parents d\u2019\u00e9l\u00e8ves, les\nAtsem des \u00e9coles, les intervenants du p\u00e9riscolaire, la restauration scolaire\u2026 <\/p>\n\n\n\n<p>Tout ceci\ndoit \u00e9videmment \u00eatre fait sous l\u2019autorit\u00e9 et en concertation avec les services\nde l\u2019Education nationale. Mais dans cette situation in\u00e9dite, <strong>la mairie est\naussi un acteur majeur de cette r\u00e9flexion<\/strong> pour r\u00e9ussir, localement, le plan\nde reprise des cours et harmoniser les imp\u00e9ratifs de chacune des parties,\nimp\u00e9ratifs p\u00e9dagogiques ou logistiques. <\/p>\n\n\n\n<p>Dans les \u00e9coles, <strong>la\nvigilance de chacun doit \u00eatre totale<\/strong> pour que le retour en classe de nos\nenfants et \u00e9l\u00e8ves se fasse dans des conditions sanitaires optimales permettant\nun cadre p\u00e9dagogique solide pour tous.<\/p>\n\n\n\n<p><strong>Profitons-en, ici, pour\nsaluer le travail et l\u2019engagement des parents et des enseignants<\/strong> pendant le confinement. Ils prennent activement leur\npart. pour essayer de limiter les effets in\u00e9galitaires de cette rupture\np\u00e9dagogique et de lien social.<\/p>\n","protected":false},"excerpt":{"rendered":"<p>\u00ab\u00a0Le confinement le plus strict doit encore se poursuivre jusqu&rsquo;au lundi 11\u00a0mai\u00a0\u00bb. C\u2019\u00e9tait ce lundi 13 avril. Le pr\u00e9sident de la R\u00e9publique a officialis\u00e9 la prolongation du confinement pour permettre de continuer \u00e0 lutter contre la propagation du coronavirus. Dans le m\u00eame temps, Emmanuel Macron a annonc\u00e9 que les cr\u00e8ches, \u00e9coles, coll\u00e8ges et lyc\u00e9es rouvriraient \u00ab\u00a0progressivement\u00a0\u00bb \u00e0 partir du 11&nbsp;mai.<\/p>\n","protected":false},"author":14,"featured_media":2776,"comment_status":"open","ping_status":"open","sticky":false,"template":"","format":"standard","meta":{"_monsterinsights_skip_tracking":false,"_monsterinsights_sitenote_active":false,"_monsterinsights_sitenote_note":"","_monsterinsights_sitenote_category":0,"footnotes":""},"categories":[3,349,257],"tags":[185,351,350,353,352,227,16],"class_list":["post-2773","post","type-post","status-publish","format-standard","has-post-thumbnail","hentry","category-actualites-debats","category-covid-19","category-lhebdo","tag-actu","tag-coronavirus","tag-covid-19","tag-deconfinement","tag-ecoles","tag-education","tag-saint-fargeau-ponthierry"],"aioseo_notices":[],"_links":{"self":[{"href":"http:\/\/rassembler-avenir-stfp.fr\/index.php\/wp-json\/wp\/v2\/posts\/2773","targetHints":{"allow":["GET"]}}],"collection":[{"href":"http:\/\/rassembler-avenir-stfp.fr\/index.php\/wp-json\/wp\/v2\/posts"}],"about":[{"href":"http:\/\/rassembler-avenir-stfp.fr\/index.php\/wp-json\/wp\/v2\/types\/post"}],"author":[{"embeddable":true,"href":"http:\/\/rassembler-avenir-stfp.fr\/index.php\/wp-json\/wp\/v2\/users\/14"}],"replies":[{"embeddable":true,"href":"http:\/\/rassembler-avenir-stfp.fr\/index.php\/wp-json\/wp\/v2\/comments?post=2773"}],"version-history":[{"count":1,"href":"http:\/\/rassembler-avenir-stfp.fr\/index.php\/wp-json\/wp\/v2\/posts\/2773\/revisions"}],"predecessor-version":[{"id":2775,"href":"http:\/\/rassembler-avenir-stfp.fr\/index.php\/wp-json\/wp\/v2\/posts\/2773\/revisions\/2775"}],"wp:featuredmedia":[{"embeddable":true,"href":"http:\/\/rassembler-avenir-stfp.fr\/index.php\/wp-json\/wp\/v2\/media\/2776"}],"wp:attachment":[{"href":"http:\/\/rassembler-avenir-stfp.fr\/index.php\/wp-json\/wp\/v2\/media?parent=2773"}],"wp:term":[{"taxonomy":"category","embeddable":true,"href":"http:\/\/rassembler-avenir-stfp.fr\/index.php\/wp-json\/wp\/v2\/categories?post=2773"},{"taxonomy":"post_tag","embeddable":true,"href":"http:\/\/rassembler-avenir-stfp.fr\/index.php\/wp-json\/wp\/v2\/tags?post=2773"}],"curies":[{"name":"wp","href":"https:\/\/api.w.org\/{rel}","templated":true}]}}