{"id":2677,"date":"2020-03-06T01:40:55","date_gmt":"2020-03-06T00:40:55","guid":{"rendered":"http:\/\/rassembler-avenir-stfp.fr\/?p=2677"},"modified":"2020-03-06T01:40:57","modified_gmt":"2020-03-06T00:40:57","slug":"ensemble-et-autrement-severine-felix-boron-sadresse-a-vous","status":"publish","type":"post","link":"http:\/\/rassembler-avenir-stfp.fr\/index.php\/2020\/03\/06\/ensemble-et-autrement-severine-felix-boron-sadresse-a-vous\/","title":{"rendered":"\u00ab\u00a0Ensemble et autrement\u00a0\u00bb : S\u00e9verine F\u00e9lix-Boron s&rsquo;adresse \u00e0 vous"},"content":{"rendered":"\n<h4 class=\"wp-block-heading\">Cadre de\nvie, urbanisation, \u00e9quipements, nouveau coll\u00e8ge\u2026 <br><\/h4>\n\n\n\n<p>Au nom de la liste <strong><a rel=\"noreferrer noopener\" aria-label=\"&quot;Ensemble et autrement&quot; (s\u2019ouvre dans un nouvel onglet)\" href=\"https:\/\/www.ensembleetautrement.fr\/\" target=\"_blank\">\u00ab\u00a0Ensemble et autrement\u00a0\u00bb<\/a><\/strong>, <strong>S\u00e9verine F\u00e9lix-Boron<\/strong> s\u2019adresse \u00e0 vous.<\/p>\n\n\n\n<figure class=\"wp-block-embed-facebook wp-block-embed is-type-video is-provider-facebook\"><div class=\"wp-block-embed__wrapper\">\n<div id=\"fb-root\"><\/div><script async=\"1\" defer=\"1\" crossorigin=\"anonymous\" src=\"https:\/\/connect.facebook.net\/fr_FR\/sdk.js#xfbml=1&amp;version=v6.0\"><\/script><div class=\"fb-video\" data-href=\"https:\/\/www.facebook.com\/felixboron2020\/videos\/797124477363886\/\" data-width=\"860\"><blockquote cite=\"https:\/\/www.facebook.com\/felixboron2020\/videos\/797124477363886\/\" class=\"fb-xfbml-parse-ignore\"><a href=\"https:\/\/www.facebook.com\/felixboron2020\/videos\/797124477363886\/\">Notre vision de la Ville<\/a><p><\/p>Publi\u00e9e par <a href=\"https:\/\/www.facebook.com\/felixboron2020\/\">Ensemble et Autrement avec S\u00e9verine Felix-Boron<\/a> sur Jeudi 5 mars 2020<\/blockquote><\/div>\n<\/div><\/figure>\n","protected":false},"excerpt":{"rendered":"<p>Cadre de vie, urbanisation, \u00e9quipements, nouveau coll\u00e8ge\u2026 Au nom de la liste \u00ab\u00a0Ensemble et autrement\u00a0\u00bb, S\u00e9verine F\u00e9lix-Boron s\u2019adresse \u00e0 vous.<\/p>\n","protected":false},"author":14,"featured_media":2580,"comment_status":"open","ping_status":"open","sticky":false,"template":"","format":"standard","meta":{"_monsterinsights_skip_tracking":false,"_monsterinsights_sitenote_active":false,"_monsterinsights_sitenote_note":"","_monsterinsights_sitenote_category":0,"footnotes":""},"categories":[3,86],"tags":[185,262,341,343,16,345,93],"class_list":["post-2677","post","type-post","status-publish","format-standard","has-post-thumbnail","hentry","category-actualites-debats","category-democratie-actualites-debats","tag-actu","tag-college","tag-ensemble-et-autrement","tag-municipales-2020","tag-saint-fargeau-ponthierry","tag-severine-felix-boron","tag-urbanisme"],"aioseo_notices":[],"_links":{"self":[{"href":"http:\/\/rassembler-avenir-stfp.fr\/index.php\/wp-json\/wp\/v2\/posts\/2677","targetHints":{"allow":["GET"]}}],"collection":[{"href":"http:\/\/rassembler-avenir-stfp.fr\/index.php\/wp-json\/wp\/v2\/posts"}],"about":[{"href":"http:\/\/rassembler-avenir-stfp.fr\/index.php\/wp-json\/wp\/v2\/types\/post"}],"author":[{"embeddable":true,"href":"http:\/\/rassembler-avenir-stfp.fr\/index.php\/wp-json\/wp\/v2\/users\/14"}],"replies":[{"embeddable":true,"href":"http:\/\/rassembler-avenir-stfp.fr\/index.php\/wp-json\/wp\/v2\/comments?post=2677"}],"version-history":[{"count":3,"href":"http:\/\/rassembler-avenir-stfp.fr\/index.php\/wp-json\/wp\/v2\/posts\/2677\/revisions"}],"predecessor-version":[{"id":2680,"href":"http:\/\/rassembler-avenir-stfp.fr\/index.php\/wp-json\/wp\/v2\/posts\/2677\/revisions\/2680"}],"wp:featuredmedia":[{"embeddable":true,"href":"http:\/\/rassembler-avenir-stfp.fr\/index.php\/wp-json\/wp\/v2\/media\/2580"}],"wp:attachment":[{"href":"http:\/\/rassembler-avenir-stfp.fr\/index.php\/wp-json\/wp\/v2\/media?parent=2677"}],"wp:term":[{"taxonomy":"category","embeddable":true,"href":"http:\/\/rassembler-avenir-stfp.fr\/index.php\/wp-json\/wp\/v2\/categories?post=2677"},{"taxonomy":"post_tag","embeddable":true,"href":"http:\/\/rassembler-avenir-stfp.fr\/index.php\/wp-json\/wp\/v2\/tags?post=2677"}],"curies":[{"name":"wp","href":"https:\/\/api.w.org\/{rel}","templated":true}]}}