{"id":2610,"date":"2020-02-23T22:43:40","date_gmt":"2020-02-23T21:43:40","guid":{"rendered":"http:\/\/rassembler-avenir-stfp.fr\/?p=2610"},"modified":"2020-02-23T22:43:42","modified_gmt":"2020-02-23T21:43:42","slug":"ensemble-et-autrement-12-nouveaux-visages","status":"publish","type":"post","link":"http:\/\/rassembler-avenir-stfp.fr\/index.php\/2020\/02\/23\/ensemble-et-autrement-12-nouveaux-visages\/","title":{"rendered":"\u00ab\u00a0Ensemble et Autrement\u00a0\u00bb, 12 nouveaux visages"},"content":{"rendered":"\n<h4 class=\"wp-block-heading\"><strong>Douze nouveaux candidats de la liste \u00ab\u00a0Ensemble et Autrement avec S\u00e9verine F\u00e9lix-Boron\u00a0\u00bb se d\u00e9voilent \u00e0 vous aujourd&rsquo;hui.<\/strong><\/h4>\n\n\n\n<p>Voici deux candidates qualifi\u00e9es dans le secteur des Solidarit\u00e9s : <strong>Dani\u00e8le Masson<\/strong> et <strong>Jennifer Lamotte<\/strong>.<\/p>\n\n\n\n<figure class=\"wp-block-image\"><img loading=\"lazy\" decoding=\"async\" width=\"1024\" height=\"538\" src=\"http:\/\/rassembler-avenir-stfp.fr\/wp-content\/uploads\/2020\/02\/Dani\u00e8le-Masson-1024x538.jpg\" alt=\"\" class=\"wp-image-2611\" srcset=\"http:\/\/rassembler-avenir-stfp.fr\/wp-content\/uploads\/2020\/02\/Dani\u00e8le-Masson-1024x538.jpg 1024w, http:\/\/rassembler-avenir-stfp.fr\/wp-content\/uploads\/2020\/02\/Dani\u00e8le-Masson-300x158.jpg 300w, http:\/\/rassembler-avenir-stfp.fr\/wp-content\/uploads\/2020\/02\/Dani\u00e8le-Masson-768x403.jpg 768w, http:\/\/rassembler-avenir-stfp.fr\/wp-content\/uploads\/2020\/02\/Dani\u00e8le-Masson.jpg 1200w\" sizes=\"auto, (max-width: 1024px) 100vw, 1024px\" \/><\/figure>\n\n\n\n<figure class=\"wp-block-image\"><img loading=\"lazy\" decoding=\"async\" width=\"960\" height=\"504\" src=\"http:\/\/rassembler-avenir-stfp.fr\/wp-content\/uploads\/2020\/02\/Jennifer-Lamotte.jpg\" alt=\"\" class=\"wp-image-2612\" srcset=\"http:\/\/rassembler-avenir-stfp.fr\/wp-content\/uploads\/2020\/02\/Jennifer-Lamotte.jpg 960w, http:\/\/rassembler-avenir-stfp.fr\/wp-content\/uploads\/2020\/02\/Jennifer-Lamotte-300x158.jpg 300w, http:\/\/rassembler-avenir-stfp.fr\/wp-content\/uploads\/2020\/02\/Jennifer-Lamotte-768x403.jpg 768w\" sizes=\"auto, (max-width: 960px) 100vw, 960px\" \/><\/figure>\n\n\n\n<p>Quatre colistiers sont qualifi\u00e9s dans le domaine de la sant\u00e9 : <strong>Djibril Soumah, Michelle Rigas, Julien Allouche, Emilie Lelievre.<\/strong><\/p>\n\n\n\n<figure class=\"wp-block-image\"><img loading=\"lazy\" decoding=\"async\" width=\"960\" height=\"504\" src=\"http:\/\/rassembler-avenir-stfp.fr\/wp-content\/uploads\/2020\/02\/Djibril-Soumah.jpg\" alt=\"\" class=\"wp-image-2613\" srcset=\"http:\/\/rassembler-avenir-stfp.fr\/wp-content\/uploads\/2020\/02\/Djibril-Soumah.jpg 960w, http:\/\/rassembler-avenir-stfp.fr\/wp-content\/uploads\/2020\/02\/Djibril-Soumah-300x158.jpg 300w, http:\/\/rassembler-avenir-stfp.fr\/wp-content\/uploads\/2020\/02\/Djibril-Soumah-768x403.jpg 768w\" sizes=\"auto, (max-width: 960px) 100vw, 960px\" \/><\/figure>\n\n\n\n<figure class=\"wp-block-image\"><img loading=\"lazy\" decoding=\"async\" width=\"960\" height=\"504\" src=\"http:\/\/rassembler-avenir-stfp.fr\/wp-content\/uploads\/2020\/02\/Michelle-Rigas.jpg\" alt=\"\" class=\"wp-image-2614\" srcset=\"http:\/\/rassembler-avenir-stfp.fr\/wp-content\/uploads\/2020\/02\/Michelle-Rigas.jpg 960w, http:\/\/rassembler-avenir-stfp.fr\/wp-content\/uploads\/2020\/02\/Michelle-Rigas-300x158.jpg 300w, http:\/\/rassembler-avenir-stfp.fr\/wp-content\/uploads\/2020\/02\/Michelle-Rigas-768x403.jpg 768w\" sizes=\"auto, (max-width: 960px) 100vw, 960px\" \/><\/figure>\n\n\n\n<figure class=\"wp-block-image\"><img loading=\"lazy\" decoding=\"async\" width=\"960\" height=\"504\" src=\"http:\/\/rassembler-avenir-stfp.fr\/wp-content\/uploads\/2020\/02\/Julien-Allouche.jpg\" alt=\"\" class=\"wp-image-2615\" srcset=\"http:\/\/rassembler-avenir-stfp.fr\/wp-content\/uploads\/2020\/02\/Julien-Allouche.jpg 960w, http:\/\/rassembler-avenir-stfp.fr\/wp-content\/uploads\/2020\/02\/Julien-Allouche-300x158.jpg 300w, http:\/\/rassembler-avenir-stfp.fr\/wp-content\/uploads\/2020\/02\/Julien-Allouche-768x403.jpg 768w\" sizes=\"auto, (max-width: 960px) 100vw, 960px\" \/><\/figure>\n\n\n\n<figure class=\"wp-block-image\"><img loading=\"lazy\" decoding=\"async\" width=\"960\" height=\"504\" src=\"http:\/\/rassembler-avenir-stfp.fr\/wp-content\/uploads\/2020\/02\/Emilie-Lelievre.jpg\" alt=\"\" class=\"wp-image-2616\" srcset=\"http:\/\/rassembler-avenir-stfp.fr\/wp-content\/uploads\/2020\/02\/Emilie-Lelievre.jpg 960w, http:\/\/rassembler-avenir-stfp.fr\/wp-content\/uploads\/2020\/02\/Emilie-Lelievre-300x158.jpg 300w, http:\/\/rassembler-avenir-stfp.fr\/wp-content\/uploads\/2020\/02\/Emilie-Lelievre-768x403.jpg 768w\" sizes=\"auto, (max-width: 960px) 100vw, 960px\" \/><\/figure>\n\n\n\n<p>Trois personnes sont comp\u00e9tentes dans le domaine de l&rsquo;Economie et des Finances : <strong>Laura Caetano, C\u00e9dric Pereira Alves, Marie Joseph.<\/strong><\/p>\n\n\n\n<figure class=\"wp-block-image\"><img loading=\"lazy\" decoding=\"async\" width=\"960\" height=\"504\" src=\"http:\/\/rassembler-avenir-stfp.fr\/wp-content\/uploads\/2020\/02\/Laura-Caetano.jpg\" alt=\"\" class=\"wp-image-2617\" srcset=\"http:\/\/rassembler-avenir-stfp.fr\/wp-content\/uploads\/2020\/02\/Laura-Caetano.jpg 960w, http:\/\/rassembler-avenir-stfp.fr\/wp-content\/uploads\/2020\/02\/Laura-Caetano-300x158.jpg 300w, http:\/\/rassembler-avenir-stfp.fr\/wp-content\/uploads\/2020\/02\/Laura-Caetano-768x403.jpg 768w\" sizes=\"auto, (max-width: 960px) 100vw, 960px\" \/><\/figure>\n\n\n\n<figure class=\"wp-block-image\"><img loading=\"lazy\" decoding=\"async\" width=\"960\" height=\"504\" src=\"http:\/\/rassembler-avenir-stfp.fr\/wp-content\/uploads\/2020\/02\/C\u00e9dric-Pereira-Alves.jpg\" alt=\"\" class=\"wp-image-2618\" srcset=\"http:\/\/rassembler-avenir-stfp.fr\/wp-content\/uploads\/2020\/02\/C\u00e9dric-Pereira-Alves.jpg 960w, http:\/\/rassembler-avenir-stfp.fr\/wp-content\/uploads\/2020\/02\/C\u00e9dric-Pereira-Alves-300x158.jpg 300w, http:\/\/rassembler-avenir-stfp.fr\/wp-content\/uploads\/2020\/02\/C\u00e9dric-Pereira-Alves-768x403.jpg 768w\" sizes=\"auto, (max-width: 960px) 100vw, 960px\" \/><\/figure>\n\n\n\n<figure class=\"wp-block-image\"><img loading=\"lazy\" decoding=\"async\" width=\"960\" height=\"504\" src=\"http:\/\/rassembler-avenir-stfp.fr\/wp-content\/uploads\/2020\/02\/Marie-Joseph.jpg\" alt=\"\" class=\"wp-image-2619\" srcset=\"http:\/\/rassembler-avenir-stfp.fr\/wp-content\/uploads\/2020\/02\/Marie-Joseph.jpg 960w, http:\/\/rassembler-avenir-stfp.fr\/wp-content\/uploads\/2020\/02\/Marie-Joseph-300x158.jpg 300w, http:\/\/rassembler-avenir-stfp.fr\/wp-content\/uploads\/2020\/02\/Marie-Joseph-768x403.jpg 768w\" sizes=\"auto, (max-width: 960px) 100vw, 960px\" \/><\/figure>\n\n\n\n<p>Enfin ces trois candidats sont comp\u00e9tents dans le domaine de la D\u00e9mocratie participative : <strong>Mathieu Guillou, Nicole Leli\u00e8vre, Michel Guillot.<\/strong><\/p>\n\n\n\n<figure class=\"wp-block-image\"><img loading=\"lazy\" decoding=\"async\" width=\"960\" height=\"504\" src=\"http:\/\/rassembler-avenir-stfp.fr\/wp-content\/uploads\/2020\/02\/Mathieu-Guillou.jpg\" alt=\"\" class=\"wp-image-2620\" srcset=\"http:\/\/rassembler-avenir-stfp.fr\/wp-content\/uploads\/2020\/02\/Mathieu-Guillou.jpg 960w, http:\/\/rassembler-avenir-stfp.fr\/wp-content\/uploads\/2020\/02\/Mathieu-Guillou-300x158.jpg 300w, http:\/\/rassembler-avenir-stfp.fr\/wp-content\/uploads\/2020\/02\/Mathieu-Guillou-768x403.jpg 768w\" sizes=\"auto, (max-width: 960px) 100vw, 960px\" \/><\/figure>\n\n\n\n<figure class=\"wp-block-image\"><img loading=\"lazy\" decoding=\"async\" width=\"960\" height=\"504\" src=\"http:\/\/rassembler-avenir-stfp.fr\/wp-content\/uploads\/2020\/02\/Nicole-Leli\u00e8vre.jpg\" alt=\"\" class=\"wp-image-2621\" srcset=\"http:\/\/rassembler-avenir-stfp.fr\/wp-content\/uploads\/2020\/02\/Nicole-Leli\u00e8vre.jpg 960w, http:\/\/rassembler-avenir-stfp.fr\/wp-content\/uploads\/2020\/02\/Nicole-Leli\u00e8vre-300x158.jpg 300w, http:\/\/rassembler-avenir-stfp.fr\/wp-content\/uploads\/2020\/02\/Nicole-Leli\u00e8vre-768x403.jpg 768w\" sizes=\"auto, (max-width: 960px) 100vw, 960px\" \/><\/figure>\n\n\n\n<figure class=\"wp-block-image\"><img loading=\"lazy\" decoding=\"async\" width=\"960\" height=\"504\" src=\"http:\/\/rassembler-avenir-stfp.fr\/wp-content\/uploads\/2020\/02\/Michel-Guillot.jpg\" alt=\"\" class=\"wp-image-2622\" srcset=\"http:\/\/rassembler-avenir-stfp.fr\/wp-content\/uploads\/2020\/02\/Michel-Guillot.jpg 960w, http:\/\/rassembler-avenir-stfp.fr\/wp-content\/uploads\/2020\/02\/Michel-Guillot-300x158.jpg 300w, http:\/\/rassembler-avenir-stfp.fr\/wp-content\/uploads\/2020\/02\/Michel-Guillot-768x403.jpg 768w\" sizes=\"auto, (max-width: 960px) 100vw, 960px\" \/><\/figure>\n\n\n\n<h3 class=\"wp-block-heading\"><strong>Des comp\u00e9tences essentielles pour la ville. <\/strong><\/h3>\n\n\n\n<h4 class=\"wp-block-heading\">A retrouver sur le site <a rel=\"noreferrer noopener\" aria-label=\"Ensemble et autrement (s\u2019ouvre dans un nouvel onglet)\" href=\"https:\/\/www.ensembleetautrement.fr\/\" target=\"_blank\">Ensemble et autrement<\/a><\/h4>\n","protected":false},"excerpt":{"rendered":"<p>Douze nouveaux candidats de la liste \u00ab\u00a0Ensemble et Autrement avec S\u00e9verine F\u00e9lix-Boron\u00a0\u00bb se d\u00e9voilent \u00e0 vous aujourd&rsquo;hui. Voici deux candidates qualifi\u00e9es dans le secteur des Solidarit\u00e9s : Dani\u00e8le Masson et Jennifer Lamotte. Quatre colistiers sont qualifi\u00e9s dans le domaine de la sant\u00e9 : Djibril Soumah, Michelle Rigas, Julien Allouche, Emilie Lelievre. Trois personnes sont comp\u00e9tentes dans le domaine de l&rsquo;Economie<\/p>\n","protected":false},"author":14,"featured_media":2607,"comment_status":"open","ping_status":"open","sticky":false,"template":"","format":"standard","meta":{"_monsterinsights_skip_tracking":false,"_monsterinsights_sitenote_active":false,"_monsterinsights_sitenote_note":"","_monsterinsights_sitenote_category":0,"footnotes":""},"categories":[3,86,1],"tags":[185,341,343,16,345],"class_list":["post-2610","post","type-post","status-publish","format-standard","has-post-thumbnail","hentry","category-actualites-debats","category-democratie-actualites-debats","category-non-classe","tag-actu","tag-ensemble-et-autrement","tag-municipales-2020","tag-saint-fargeau-ponthierry","tag-severine-felix-boron"],"aioseo_notices":[],"_links":{"self":[{"href":"http:\/\/rassembler-avenir-stfp.fr\/index.php\/wp-json\/wp\/v2\/posts\/2610","targetHints":{"allow":["GET"]}}],"collection":[{"href":"http:\/\/rassembler-avenir-stfp.fr\/index.php\/wp-json\/wp\/v2\/posts"}],"about":[{"href":"http:\/\/rassembler-avenir-stfp.fr\/index.php\/wp-json\/wp\/v2\/types\/post"}],"author":[{"embeddable":true,"href":"http:\/\/rassembler-avenir-stfp.fr\/index.php\/wp-json\/wp\/v2\/users\/14"}],"replies":[{"embeddable":true,"href":"http:\/\/rassembler-avenir-stfp.fr\/index.php\/wp-json\/wp\/v2\/comments?post=2610"}],"version-history":[{"count":4,"href":"http:\/\/rassembler-avenir-stfp.fr\/index.php\/wp-json\/wp\/v2\/posts\/2610\/revisions"}],"predecessor-version":[{"id":2626,"href":"http:\/\/rassembler-avenir-stfp.fr\/index.php\/wp-json\/wp\/v2\/posts\/2610\/revisions\/2626"}],"wp:featuredmedia":[{"embeddable":true,"href":"http:\/\/rassembler-avenir-stfp.fr\/index.php\/wp-json\/wp\/v2\/media\/2607"}],"wp:attachment":[{"href":"http:\/\/rassembler-avenir-stfp.fr\/index.php\/wp-json\/wp\/v2\/media?parent=2610"}],"wp:term":[{"taxonomy":"category","embeddable":true,"href":"http:\/\/rassembler-avenir-stfp.fr\/index.php\/wp-json\/wp\/v2\/categories?post=2610"},{"taxonomy":"post_tag","embeddable":true,"href":"http:\/\/rassembler-avenir-stfp.fr\/index.php\/wp-json\/wp\/v2\/tags?post=2610"}],"curies":[{"name":"wp","href":"https:\/\/api.w.org\/{rel}","templated":true}]}}