{"id":2535,"date":"2019-12-10T15:32:02","date_gmt":"2019-12-10T14:32:02","guid":{"rendered":"http:\/\/rassembler-avenir-stfp.fr\/?p=2535"},"modified":"2020-01-17T11:50:42","modified_gmt":"2020-01-17T10:50:42","slug":"municipales-2020-rpa-soutient-ensemble-et-autrement","status":"publish","type":"post","link":"http:\/\/rassembler-avenir-stfp.fr\/index.php\/2019\/12\/10\/municipales-2020-rpa-soutient-ensemble-et-autrement\/","title":{"rendered":"Municipales 2020 : RPA soutient \u00ab Ensemble et autrement \u00bb"},"content":{"rendered":"\n<p><strong>Le 29 novembre dernier se tenait la premi\u00e8re r\u00e9union publique de la liste <em>\u00ab Ensemble et autrement \u00bb<\/em> qui se constitue sur notre commune en vue des prochaines \u00e9lections municipales de mars 2020.<\/strong><\/p>\n\n\n\n<p>Cette liste <em>\u00ab Ensemble et autrement \u00bb<\/em> prend forme. Son programme, \u00e9labor\u00e9 en co-construction avec les habitants, se dessine. Elle se\npositionne sur les valeurs et pratiques d\u00e9fendues par RPA depuis plus de 5 ans.<\/p>\n\n\n\n<h4 class=\"wp-block-heading\"><strong>C\u2019est pourquoi, en coh\u00e9rence, RPA soutient son existence et relaie sa campagne.<\/strong><\/h4>\n\n\n\n<p>En attendant que plus de choses vous soient d\u00e9voil\u00e9es, vous pouvez d\u00e9j\u00e0 prendre note dans vos favoris Internet de <strong>l\u2019adresse du site de la campagne<\/strong> <a href=\"http:\/\/www.ensembleetautrement.fr\/\">www.ensembleetautrement.fr\/<\/a> &nbsp;<\/p>\n\n\n\n<p>Le site n\u2019en\nest qu\u2019\u00e0 ses pr\u00e9mices. Il va s\u2019enrichir au fil des jours et des semaines.\nN\u2019h\u00e9sitez pas \u00e0 aller y faire un tour r\u00e9guli\u00e8rement et \u00e0 le faire conna\u00eetre.<\/p>\n\n\n\n<p><strong>Une adresse mail<\/strong> est d\u2019ores et d\u00e9j\u00e0 disponible pour entrer en contact avec les membres de la liste. <a href=\"mailto:ensemble.et.autrement.sfp@gmail.com\">ensemble.et.autrement.sfp@gmail.com<\/a><\/p>\n\n\n\n<p>RPA\naccompagnera, \u00e0 sa mesure, cette liste, la seule \u00e0 m\u00eame de donner un nouveau\nsouffle \u00e0 notre commune en lui offrant un autre avenir que celui qui lui est\nactuellement promis.<\/p>\n\n\n\n<h4 class=\"wp-block-heading\">Votre soutien est essentiel.<\/h4>\n\n\n\n<p>Pour que\ncette liste puisse efficacement mener sa campagne \u00e9lectorale d\u2019ici le 15 mars\n2020, elle aura besoin de tous les relais et les soutiens. Les v\u00f4tres\nnotamment. <\/p>\n\n\n\n<p>Une campagne\n\u00e9lectorale co\u00fbte ch\u00e8re. Alors si vous souhaitez voir cette liste mener son\nchemin jusqu\u2019\u00e0 sortir victorieuse le 22 mars 2020, vous pouvez participer au\nfinancement de sa campagne. Votre don sera d\u00e9ductible \u00e0 66% de vos imp\u00f4ts, d\u00e8s\nl\u2019ann\u00e9e prochaine si vous contribuez avant le 31 d\u00e9cembre.<\/p>\n\n\n\n<p>N\u2019h\u00e9sitez\npas \u00e0 adresser un mail \u00e0 la liste <a href=\"mailto:ensemble.et.autrement.sfp@gmail.com\">ensemble.et.autrement.sfp@gmail.com<\/a> pour conna\u00eetre les modalit\u00e9s pour\nvotre don.<\/p>\n\n\n\n<p><strong>Merci pour votre pr\u00e9sence \u00e0 nos c\u00f4t\u00e9s depuis 2014. <\/strong><\/p>\n\n\n\n<h4 class=\"wp-block-heading\"><strong>Et merci pour votre soutien \u00e0 \u00ab Ensemble et autrement \u00bb.<\/strong><\/h4>\n\n\n\n<figure class=\"wp-block-image\"><img loading=\"lazy\" decoding=\"async\" width=\"1024\" height=\"191\" src=\"http:\/\/rassembler-avenir-stfp.fr\/wp-content\/uploads\/2019\/12\/entete-ENSEMBLE-ET-AUTREMENT-1024x191.jpg\" alt=\"\" class=\"wp-image-2537\" srcset=\"http:\/\/rassembler-avenir-stfp.fr\/wp-content\/uploads\/2019\/12\/entete-ENSEMBLE-ET-AUTREMENT-1024x191.jpg 1024w, http:\/\/rassembler-avenir-stfp.fr\/wp-content\/uploads\/2019\/12\/entete-ENSEMBLE-ET-AUTREMENT-300x56.jpg 300w, http:\/\/rassembler-avenir-stfp.fr\/wp-content\/uploads\/2019\/12\/entete-ENSEMBLE-ET-AUTREMENT-768x143.jpg 768w, http:\/\/rassembler-avenir-stfp.fr\/wp-content\/uploads\/2019\/12\/entete-ENSEMBLE-ET-AUTREMENT-1320x246.jpg 1320w, http:\/\/rassembler-avenir-stfp.fr\/wp-content\/uploads\/2019\/12\/entete-ENSEMBLE-ET-AUTREMENT.jpg 1439w\" sizes=\"auto, (max-width: 1024px) 100vw, 1024px\" \/><\/figure>\n","protected":false},"excerpt":{"rendered":"<p>Le 29 novembre dernier se tenait la premi\u00e8re r\u00e9union publique de la liste \u00ab Ensemble et autrement \u00bb qui se constitue sur notre commune en vue des prochaines \u00e9lections municipales de mars 2020. Cette liste \u00ab Ensemble et autrement \u00bb prend forme. Son programme, \u00e9labor\u00e9 en co-construction avec les habitants, se dessine. Elle se positionne sur les valeurs et pratiques<\/p>\n","protected":false},"author":14,"featured_media":2544,"comment_status":"open","ping_status":"open","sticky":false,"template":"","format":"standard","meta":{"_monsterinsights_skip_tracking":false,"_monsterinsights_sitenote_active":false,"_monsterinsights_sitenote_note":"","_monsterinsights_sitenote_category":0,"footnotes":""},"categories":[3,86,1],"tags":[185,114,341,343,16],"class_list":["post-2535","post","type-post","status-publish","format-standard","has-post-thumbnail","hentry","category-actualites-debats","category-democratie-actualites-debats","category-non-classe","tag-actu","tag-campagne-electorale","tag-ensemble-et-autrement","tag-municipales-2020","tag-saint-fargeau-ponthierry"],"aioseo_notices":[],"_links":{"self":[{"href":"http:\/\/rassembler-avenir-stfp.fr\/index.php\/wp-json\/wp\/v2\/posts\/2535","targetHints":{"allow":["GET"]}}],"collection":[{"href":"http:\/\/rassembler-avenir-stfp.fr\/index.php\/wp-json\/wp\/v2\/posts"}],"about":[{"href":"http:\/\/rassembler-avenir-stfp.fr\/index.php\/wp-json\/wp\/v2\/types\/post"}],"author":[{"embeddable":true,"href":"http:\/\/rassembler-avenir-stfp.fr\/index.php\/wp-json\/wp\/v2\/users\/14"}],"replies":[{"embeddable":true,"href":"http:\/\/rassembler-avenir-stfp.fr\/index.php\/wp-json\/wp\/v2\/comments?post=2535"}],"version-history":[{"count":4,"href":"http:\/\/rassembler-avenir-stfp.fr\/index.php\/wp-json\/wp\/v2\/posts\/2535\/revisions"}],"predecessor-version":[{"id":2543,"href":"http:\/\/rassembler-avenir-stfp.fr\/index.php\/wp-json\/wp\/v2\/posts\/2535\/revisions\/2543"}],"wp:featuredmedia":[{"embeddable":true,"href":"http:\/\/rassembler-avenir-stfp.fr\/index.php\/wp-json\/wp\/v2\/media\/2544"}],"wp:attachment":[{"href":"http:\/\/rassembler-avenir-stfp.fr\/index.php\/wp-json\/wp\/v2\/media?parent=2535"}],"wp:term":[{"taxonomy":"category","embeddable":true,"href":"http:\/\/rassembler-avenir-stfp.fr\/index.php\/wp-json\/wp\/v2\/categories?post=2535"},{"taxonomy":"post_tag","embeddable":true,"href":"http:\/\/rassembler-avenir-stfp.fr\/index.php\/wp-json\/wp\/v2\/tags?post=2535"}],"curies":[{"name":"wp","href":"https:\/\/api.w.org\/{rel}","templated":true}]}}