{"id":2485,"date":"2019-07-22T12:31:37","date_gmt":"2019-07-22T10:31:37","guid":{"rendered":"http:\/\/rassembler-avenir-stfp.fr\/?p=2485"},"modified":"2019-07-22T12:31:39","modified_gmt":"2019-07-22T10:31:39","slug":"les-10-engagements-du-maire-realises-je-lai-fait","status":"publish","type":"post","link":"http:\/\/rassembler-avenir-stfp.fr\/index.php\/2019\/07\/22\/les-10-engagements-du-maire-realises-je-lai-fait\/","title":{"rendered":"Les 10 engagements du maire r\u00e9alis\u00e9s : \u00ab\u00a0Je l\u2019ai fait\u00a0\u00bb !"},"content":{"rendered":"\n<p>Pour RPA, le maire de Saint-Fargeau-Ponthierry fait le point avec\nles F\u00e9r\u00e9opontains sur ses promesses de campagne.<\/p>\n\n\n\n<p style=\"text-align:center\"><em>\u00ab\u00a0<strong>J\u2019ai r\u00e9alis\u00e9 les 10 points sur lesquels je m\u2019\u00e9tais tr\u00e8s clairement\nengag\u00e9 aupr\u00e8s de vous&nbsp;!<\/strong> \u00ab\u00a0<\/em><\/p>\n\n\n\n<p><em>\u00ab\u00a0<\/em><strong><em>Vous m\u2019avez\n\u00e9lu<\/em><\/strong><em> <strong>pour<\/strong> que je d\u00e9truise la mairie, afin de\nla transformer en un tas de gravats&nbsp;et l\u2019installer hors du c\u0153ur de ville.\nJe l\u2019ai fait&nbsp;!<\/em><\/p>\n\n\n\n<p><strong><em>Vous m\u2019avez\n\u00e9lu pour<\/em><\/strong><em> brader le\npatrimoine foncier de la commune \u00e0 moiti\u00e9 prix, soit 200 euros le m\u00b2, l\u00e0 o\u00f9\ncela vaut plus de 400 euros. Je l\u2019ai fait&nbsp;!<\/em><\/p>\n\n\n\n<p><strong><em>Vous m\u2019avez\n\u00e9lu pour<\/em><\/strong><em> d\u00e9manteler\nla ferme p\u00e9dagogique, qui accueillait 10&nbsp;000 enfants par an, et supprimer\nainsi sept emplois. Je l\u2019ai fait&nbsp;!<\/em><\/p>\n\n\n\n<p><strong><em>Vous m\u2019avez\n\u00e9lu pour <\/em><\/strong><em>multiplier\npar trois le rythme de constructions de logements sur la commune. En tant\nqu\u2019ancien pr\u00e9sident du BTP77, j\u2019ai fait mieux&nbsp;! Le rythme a \u00e9t\u00e9 multipli\u00e9\npar quatre&nbsp;! Et ce n\u2019est pas fini. J\u2019ai annonc\u00e9 1&nbsp;500 logements sur\nles bords de la Seine avec des immeubles de six \u00e9tages&nbsp;!<\/em><\/p>\n\n\n\n<p><strong><em>Vous m\u2019avez\n\u00e9lu pour<\/em><\/strong><em> ne plus\nentretenir pendant six ans aucune route, ni ouvrir le moindre m\u00e8tre\nsuppl\u00e9mentaire de liaisons douces pour compl\u00e9ter les 13 km d\u00e9j\u00e0 cr\u00e9\u00e9s sur la\ncommune. Je l\u2019ai fait&nbsp;!<\/em><\/p>\n\n\n\n<p><strong><em>Vous m\u2019avez\n\u00e9lu pour <\/em><\/strong><em>arr\u00eater les\nbonnes pratiques \u00e9cologistes et environnementales en mettant \u00e0 la poubelle\ntoutes les pr\u00e9conisations de l\u2019Agenda 21, r\u00e9alis\u00e9 en concertation avec la\npopulation. J\u2019ai tout arr\u00eat\u00e9 d\u00e8s ma prise de fonction comme vous l\u2019aviez\nsouhait\u00e9&nbsp;!<\/em><\/p>\n\n\n\n<p><strong><em>Vous m\u2019avez\n\u00e9lu pour<\/em><\/strong><em> ne plus\nrecevoir les administr\u00e9s de la commune. J\u2019ai imm\u00e9diatement supprim\u00e9 les\npermanences du maire&nbsp;!<\/em><\/p>\n\n\n\n<p><strong><em>Vous m\u2019avez\n\u00e9lu pour<\/em><\/strong><em> mettre fin\n\u00e0 tous les outils de la d\u00e9mocratie participative. J\u2019en ai fait ma priorit\u00e9&nbsp;!\nFini les conseils de quartier, le conseil des associations, les projets\npr\u00e9sent\u00e9s et discut\u00e9s avec la population&nbsp;!<\/em><\/p>\n\n\n\n<p><strong><em>Vous m\u2019avez\n\u00e9lu pour<\/em><\/strong><em> continuer \u00e0\npercevoir la taxe municipale sur l\u2019\u00e9lectricit\u00e9 que chacun paie, une taxe faite\npour les enfouissements de lignes. Je confirme qu\u2019aucune ligne n\u2019a \u00e9t\u00e9 enfouie\ndurant le mandat&nbsp;!<\/em><\/p>\n\n\n\n<p><strong><em>Vous m\u2019avez\n\u00e9lu pour<\/em><\/strong><em> augmenter\nles imp\u00f4ts des F\u00e9r\u00e9opontains, dans tous mes mandats exerc\u00e9s. Je l\u2019ai fait\nquatre fois&nbsp;: les imp\u00f4ts communaux par deux fois, puis les imp\u00f4ts\nd\u00e9partementaux, et enfin ceux de l\u2019agglom\u00e9ration melunaise d\u00e8s 2016, qui\ns\u2019appliquent d\u00e9sormais \u00e0 vous tous&nbsp;!<\/em><\/p>\n\n\n\n<p><strong><em>J\u2019ai tenu tous mes engagements.<\/em><\/strong><em> <strong>Comme quoi, dans six mois, vous pourrez continuer \u00e0 me faire confiance pour d\u00e9grader un peu plus la ville&nbsp;!<\/strong>\u00ab\u00a0<\/em><\/p>\n\n\n\n<figure class=\"wp-block-image\"><img loading=\"lazy\" decoding=\"async\" width=\"1024\" height=\"632\" src=\"http:\/\/rassembler-avenir-stfp.fr\/wp-content\/uploads\/2019\/07\/humour-4-1024x632.jpg\" alt=\"\" class=\"wp-image-2486\" srcset=\"http:\/\/rassembler-avenir-stfp.fr\/wp-content\/uploads\/2019\/07\/humour-4-1024x632.jpg 1024w, http:\/\/rassembler-avenir-stfp.fr\/wp-content\/uploads\/2019\/07\/humour-4-300x185.jpg 300w, http:\/\/rassembler-avenir-stfp.fr\/wp-content\/uploads\/2019\/07\/humour-4-768x474.jpg 768w, http:\/\/rassembler-avenir-stfp.fr\/wp-content\/uploads\/2019\/07\/humour-4-1320x815.jpg 1320w\" sizes=\"auto, (max-width: 1024px) 100vw, 1024px\" \/><figcaption>\u00a9 RPA<\/figcaption><\/figure>\n","protected":false},"excerpt":{"rendered":"<p>Pour RPA, le maire de Saint-Fargeau-Ponthierry fait le point avec les F\u00e9r\u00e9opontains sur ses promesses de campagne. \u00ab\u00a0J\u2019ai r\u00e9alis\u00e9 les 10 points sur lesquels je m\u2019\u00e9tais tr\u00e8s clairement engag\u00e9 aupr\u00e8s de vous&nbsp;! \u00ab\u00a0 \u00ab\u00a0Vous m\u2019avez \u00e9lu pour que je d\u00e9truise la mairie, afin de la transformer en un tas de gravats&nbsp;et l\u2019installer hors du c\u0153ur de ville. Je l\u2019ai fait&nbsp;!<\/p>\n","protected":false},"author":14,"featured_media":2486,"comment_status":"open","ping_status":"open","sticky":false,"template":"","format":"standard","meta":{"_monsterinsights_skip_tracking":false,"_monsterinsights_sitenote_active":false,"_monsterinsights_sitenote_note":"","_monsterinsights_sitenote_category":0,"footnotes":""},"categories":[3,257],"tags":[185,20,165,248,319,169,336,16,93],"class_list":["post-2485","post","type-post","status-publish","format-standard","has-post-thumbnail","hentry","category-actualites-debats","category-lhebdo","tag-actu","tag-democratie","tag-environnement","tag-hebdo","tag-maire","tag-mairie","tag-promesses","tag-saint-fargeau-ponthierry","tag-urbanisme"],"aioseo_notices":[],"_links":{"self":[{"href":"http:\/\/rassembler-avenir-stfp.fr\/index.php\/wp-json\/wp\/v2\/posts\/2485","targetHints":{"allow":["GET"]}}],"collection":[{"href":"http:\/\/rassembler-avenir-stfp.fr\/index.php\/wp-json\/wp\/v2\/posts"}],"about":[{"href":"http:\/\/rassembler-avenir-stfp.fr\/index.php\/wp-json\/wp\/v2\/types\/post"}],"author":[{"embeddable":true,"href":"http:\/\/rassembler-avenir-stfp.fr\/index.php\/wp-json\/wp\/v2\/users\/14"}],"replies":[{"embeddable":true,"href":"http:\/\/rassembler-avenir-stfp.fr\/index.php\/wp-json\/wp\/v2\/comments?post=2485"}],"version-history":[{"count":3,"href":"http:\/\/rassembler-avenir-stfp.fr\/index.php\/wp-json\/wp\/v2\/posts\/2485\/revisions"}],"predecessor-version":[{"id":2489,"href":"http:\/\/rassembler-avenir-stfp.fr\/index.php\/wp-json\/wp\/v2\/posts\/2485\/revisions\/2489"}],"wp:featuredmedia":[{"embeddable":true,"href":"http:\/\/rassembler-avenir-stfp.fr\/index.php\/wp-json\/wp\/v2\/media\/2486"}],"wp:attachment":[{"href":"http:\/\/rassembler-avenir-stfp.fr\/index.php\/wp-json\/wp\/v2\/media?parent=2485"}],"wp:term":[{"taxonomy":"category","embeddable":true,"href":"http:\/\/rassembler-avenir-stfp.fr\/index.php\/wp-json\/wp\/v2\/categories?post=2485"},{"taxonomy":"post_tag","embeddable":true,"href":"http:\/\/rassembler-avenir-stfp.fr\/index.php\/wp-json\/wp\/v2\/tags?post=2485"}],"curies":[{"name":"wp","href":"https:\/\/api.w.org\/{rel}","templated":true}]}}