{"id":151,"date":"2014-06-18T09:15:24","date_gmt":"2014-06-18T07:15:24","guid":{"rendered":"http:\/\/rassembler-avenir-stfp.fr\/?p=151"},"modified":"2014-06-18T09:15:24","modified_gmt":"2014-06-18T07:15:24","slug":"journee-de-la-resistance","status":"publish","type":"post","link":"http:\/\/rassembler-avenir-stfp.fr\/index.php\/2014\/06\/18\/journee-de-la-resistance\/","title":{"rendered":"Journ\u00e9e de la R\u00e9sistance&#8230;"},"content":{"rendered":"<blockquote><p><strong><em>A nos nouveaux \u00e9lus<\/em><\/strong>. En ce 70\u00e8me anniversaire du d\u00e9barquement en Normandie, j&rsquo;attire votre attention sur le fait que celui-ci a pu avoir lieu gr\u00e2ce\u00a0au\u00a0travail en amont de \u00ab\u00a0la R\u00e9sistance\u00a0\u00bb.<br \/>\nOr, le 27 mai dernier dans les communes qui se respectent (!!), \u00a0la journ\u00e9e de la r\u00e9sistance a \u00e9t\u00e9 comm\u00e9mor\u00e9e. Cette comm\u00e9moration est une loi du 19 juillet 2013 (ni f\u00e9ri\u00e9e, ni ch\u00f4m\u00e9e).<br \/>\nAlors que les Conseils Municipaux pr\u00e9c\u00e9dant estimaient (je cite) \u00ab\u00a0que le devoir de m\u00e9moire s\u2019impose mettant \u00e0 l\u2019honneur et en c\u00e9l\u00e9brant les R\u00e9sistants F\u00e9r\u00e9opontains connus et anonymes\u00a0\u00bb, je suis \u00e9tonn\u00e9, atterr\u00e9 et mon entourage tr\u00e8s choqu\u00e9 car c&rsquo;est la premi\u00e8re fois qu&rsquo;il ne se passe rien dans notre commune, alors qu&rsquo;enfin cette date, revendiqu\u00e9e depuis longtemps, vient d&rsquo;\u00eatre reconnue comme date nationale !!!<br \/>\nJe ne suis pas un litt\u00e9raire, mais je voulais simplement, dignement rendre hommage \u00e0 Messieurs GOUVENOT, FERCOT, LIMOGE, BEAUFILS, SIMON, OLIVIERI, FADIN, FAURE et tous les anonymes qui ont pay\u00e9 le prix fort pour la libert\u00e9 de notre Pays, de notre Commune. Attribu\u00e9es par les municipalit\u00e9s pr\u00e9c\u00e9dentes, beaucoup de nos rues portent leurs noms. La derni\u00e8re d\u00e9nomination li\u00e9e au parc Espace Naturel Sensible a \u00e9t\u00e9 donn\u00e9e au dernier FFI de la commune : SACHOT !!! .<br \/>\nIl ne faudrait pas aujourd\u2019hui perdre ces valeurs, que d\u2019autres ont mis en place.<br \/>\nCette absence de comm\u00e9moration ne serait-elle pas plut\u00f4t li\u00e9e \u00e0\u00a0des \u00e9lus du Conseil Municipal proches FN qui seraient\u00a0familiers de l&rsquo;id\u00e9ologie affich\u00e9e du p\u00e8re du FN ?<br \/>\n<em>Jacky Pouillon &#8211; Adh\u00e9rent \u00e0 l&rsquo;Association \u00ab\u00a0Rassembler pour l&rsquo;Avenir\u00a0\u00bb.<\/em><\/p><\/blockquote>\n<p>&nbsp;<\/p>\n<p>&nbsp;<\/p>\n","protected":false},"excerpt":{"rendered":"<p>En ce 70\u00e8me anniversaire du d\u00e9barquement en Normandie, j&rsquo;attire votre attention sur le fait que celui-ci a pu avoir lieu gr\u00e2ce au travail en amont de \u00a0\u00bb la R\u00e9sistance \u00ab\u00a0.<br \/>\nOr, le 27 mai dernier dans les communes qui se respectent (!!),  la journ\u00e9e de la r\u00e9sistance a \u00e9t\u00e9 comm\u00e9mor\u00e9e. Cette comm\u00e9moration est une loi du 19 juillet 2013 (ni f\u00e9ri\u00e9e, ni ch\u00f4m\u00e9e).<\/p>\n","protected":false},"author":14,"featured_media":153,"comment_status":"open","ping_status":"open","sticky":false,"template":"","format":"standard","meta":{"_monsterinsights_skip_tracking":false,"_monsterinsights_sitenote_active":false,"_monsterinsights_sitenote_note":"","_monsterinsights_sitenote_category":0,"footnotes":""},"categories":[3],"tags":[],"class_list":["post-151","post","type-post","status-publish","format-standard","has-post-thumbnail","hentry","category-actualites-debats"],"aioseo_notices":[],"_links":{"self":[{"href":"http:\/\/rassembler-avenir-stfp.fr\/index.php\/wp-json\/wp\/v2\/posts\/151","targetHints":{"allow":["GET"]}}],"collection":[{"href":"http:\/\/rassembler-avenir-stfp.fr\/index.php\/wp-json\/wp\/v2\/posts"}],"about":[{"href":"http:\/\/rassembler-avenir-stfp.fr\/index.php\/wp-json\/wp\/v2\/types\/post"}],"author":[{"embeddable":true,"href":"http:\/\/rassembler-avenir-stfp.fr\/index.php\/wp-json\/wp\/v2\/users\/14"}],"replies":[{"embeddable":true,"href":"http:\/\/rassembler-avenir-stfp.fr\/index.php\/wp-json\/wp\/v2\/comments?post=151"}],"version-history":[{"count":3,"href":"http:\/\/rassembler-avenir-stfp.fr\/index.php\/wp-json\/wp\/v2\/posts\/151\/revisions"}],"predecessor-version":[{"id":155,"href":"http:\/\/rassembler-avenir-stfp.fr\/index.php\/wp-json\/wp\/v2\/posts\/151\/revisions\/155"}],"wp:featuredmedia":[{"embeddable":true,"href":"http:\/\/rassembler-avenir-stfp.fr\/index.php\/wp-json\/wp\/v2\/media\/153"}],"wp:attachment":[{"href":"http:\/\/rassembler-avenir-stfp.fr\/index.php\/wp-json\/wp\/v2\/media?parent=151"}],"wp:term":[{"taxonomy":"category","embeddable":true,"href":"http:\/\/rassembler-avenir-stfp.fr\/index.php\/wp-json\/wp\/v2\/categories?post=151"},{"taxonomy":"post_tag","embeddable":true,"href":"http:\/\/rassembler-avenir-stfp.fr\/index.php\/wp-json\/wp\/v2\/tags?post=151"}],"curies":[{"name":"wp","href":"https:\/\/api.w.org\/{rel}","templated":true}]}}